{"id":367,"date":"2025-02-27T00:00:00","date_gmt":"2025-02-27T00:00:00","guid":{"rendered":"https:\/\/dobraterapia-bochnia.pl\/?p=367"},"modified":"2025-02-26T12:43:52","modified_gmt":"2025-02-26T12:43:52","slug":"jakie-kolory-marynarek-beda-modne-w-nadchodzacych-sezonach","status":"publish","type":"post","link":"https:\/\/dobraterapia-bochnia.pl\/ro\/jakie-kolory-marynarek-beda-modne-w-nadchodzacych-sezonach\/","title":{"rendered":"Jakie kolory marynarek b\u0119d\u0105 modne w nadchodz\u0105cych sezonach?"},"content":{"rendered":"<div class=\"kk-star-ratings kksr-auto kksr-align-left kksr-valign-top\"\n    data-payload='{&quot;align&quot;:&quot;left&quot;,&quot;id&quot;:&quot;367&quot;,&quot;slug&quot;:&quot;default&quot;,&quot;valign&quot;:&quot;top&quot;,&quot;ignore&quot;:&quot;&quot;,&quot;reference&quot;:&quot;auto&quot;,&quot;class&quot;:&quot;&quot;,&quot;count&quot;:&quot;0&quot;,&quot;legendonly&quot;:&quot;&quot;,&quot;readonly&quot;:&quot;&quot;,&quot;score&quot;:&quot;0&quot;,&quot;starsonly&quot;:&quot;&quot;,&quot;best&quot;:&quot;5&quot;,&quot;gap&quot;:&quot;5&quot;,&quot;greet&quot;:&quot;&quot;,&quot;legend&quot;:&quot;0\\\/5 - (0 votes)&quot;,&quot;size&quot;:&quot;24&quot;,&quot;title&quot;:&quot;Jakie kolory marynarek b\u0119d\u0105 modne w nadchodz\u0105cych sezonach?&quot;,&quot;width&quot;:&quot;0&quot;,&quot;_legend&quot;:&quot;{score}\\\/{best} - ({count} {votes})&quot;,&quot;font_factor&quot;:&quot;1.25&quot;}'>\n            \n<div class=\"kksr-stars\">\n    \n<div class=\"kksr-stars-inactive\">\n            <div class=\"kksr-star\" data-star=\"1\" style=\"padding-right: 5px\">\n            \n\n<div class=\"kksr-icon\" style=\"width: 24px; height: 24px;\"><\/div>\n        <\/div>\n            <div class=\"kksr-star\" data-star=\"2\" style=\"padding-right: 5px\">\n            \n\n<div class=\"kksr-icon\" style=\"width: 24px; height: 24px;\"><\/div>\n        <\/div>\n            <div class=\"kksr-star\" data-star=\"3\" style=\"padding-right: 5px\">\n            \n\n<div class=\"kksr-icon\" style=\"width: 24px; height: 24px;\"><\/div>\n        <\/div>\n            <div class=\"kksr-star\" data-star=\"4\" style=\"padding-right: 5px\">\n            \n\n<div class=\"kksr-icon\" style=\"width: 24px; height: 24px;\"><\/div>\n        <\/div>\n            <div class=\"kksr-star\" data-star=\"5\" style=\"padding-right: 5px\">\n            \n\n<div class=\"kksr-icon\" style=\"width: 24px; height: 24px;\"><\/div>\n        <\/div>\n    <\/div>\n    \n<div class=\"kksr-stars-active\" style=\"width: 0px;\">\n            <div class=\"kksr-star\" style=\"padding-right: 5px\">\n            \n\n<div class=\"kksr-icon\" style=\"width: 24px; height: 24px;\"><\/div>\n        <\/div>\n            <div class=\"kksr-star\" style=\"padding-right: 5px\">\n            \n\n<div class=\"kksr-icon\" style=\"width: 24px; height: 24px;\"><\/div>\n        <\/div>\n            <div class=\"kksr-star\" style=\"padding-right: 5px\">\n            \n\n<div class=\"kksr-icon\" style=\"width: 24px; height: 24px;\"><\/div>\n        <\/div>\n            <div class=\"kksr-star\" style=\"padding-right: 5px\">\n            \n\n<div class=\"kksr-icon\" style=\"width: 24px; height: 24px;\"><\/div>\n        <\/div>\n            <div class=\"kksr-star\" style=\"padding-right: 5px\">\n            \n\n<div class=\"kksr-icon\" style=\"width: 24px; height: 24px;\"><\/div>\n        <\/div>\n    <\/div>\n<\/div>\n                \n\n<div class=\"kksr-legend\" style=\"font-size: 19.2px;\">\n            <span class=\"kksr-muted\"><\/span>\n    <\/div>\n    <\/div>\n<p>W \u015bwiecie mody kolory maj\u0105 ogromne znaczenie i potrafi\u0105 odmieni\u0107 ka\u017cd\u0105 stylizacj\u0119. Ka\u017cdego sezonu projektanci zaskakuj\u0105 nas nowymi odcieniami, kt\u00f3re staj\u0105 si\u0119 trendami na nadchodz\u0105ce miesi\u0105ce. Wiedz\u0105c, jakie kolory b\u0119d\u0105 modne, mo\u017cesz \u0142atwiej zaplanowa\u0107 swoje zakupy i od\u015bwie\u017cy\u0107 garderob\u0119. Dlatego warto po\u015bwi\u0119ci\u0107 chwil\u0119 na zrozumienie, jakie odcienie b\u0119d\u0105 kr\u00f3lowa\u0107 w nadchodz\u0105cych sezonach. Niekt\u00f3re kolory nazwali\u015bmy ju\u017c eleganck\u0105 klasyk\u0105, a inne z pewno\u015bci\u0105 zaskocz\u0105 swoj\u0105 \u015bwie\u017co\u015bci\u0105. W tym artykule przyjrzymy si\u0119 nie tylko kolorom, ale r\u00f3wnie\u017c materia\u0142om, kt\u00f3re idealnie b\u0119d\u0105 wsp\u00f3\u0142gra\u0142y z najnowszymi trendami.<\/p>\n<p>Kluczowym aspektem w wyborze kolor\u00f3w jest ich zrozumienie w kontek\u015bcie indywidualnych preferencji oraz stylu \u017cycia. \u015awiadomo\u015b\u0107, kt\u00f3re odcienie pasuj\u0105 do Twojej osobowo\u015bci czy typu urody, jeszcze bardziej wzbogaca mo\u017cliwo\u015bci stylizacji. Dlatego zapraszam Ci\u0119 do zapoznania si\u0119 z tymi fascynuj\u0105cymi trendami, kt\u00f3re mog\u0105 zmieni\u0107 Twoje spojrzenie na mod\u0119.<\/p>\n<h2>Klasyczne kolory, kt\u00f3re nigdy nie wychodz\u0105 z mody<\/h2>\n<p><img decoding=\"async\" alt=\"Kobieta w r\u00f3\u017cowej marynarce stoi przed wieszakami z kolorowymi ubraniami w jasnym wn\u0119trzu sklepu odzie\u017cowego.\" src=\"https:\/\/dobraterapia-bochnia.pl\/wp-content\/uploads\/imagef06f27d34cbe4860b9cda60833745d13.png\"\/><\/p>\n<p>Klasyka zawsze pozostaje w cenie. Istniej\u0105 kolory, kt\u00f3re przez lata utrzymuj\u0105 si\u0119 na szczycie modowych trend\u00f3w. Oto niekt\u00f3re z nich:<\/p>\n<ul>\n<li><strong>Czarny<\/strong> \u2013 Jest to kolor, kt\u00f3ry symbolizuje elegancj\u0119 i ponadczasowo\u015b\u0107. Idealny do formalnych stylizacji oraz na wi\u0119ksze wyj\u015bcia.<\/li>\n<li><strong>Granatowy<\/strong> \u2013 Cecha wyr\u00f3\u017cniaj\u0105ca granatowy to jego uniwersalno\u015b\u0107. Sprawdzi si\u0119 zar\u00f3wno w pracy, jak i podczas spotka\u0144 towarzyskich.<\/li>\n<li><strong>Szary<\/strong> \u2013 Neutralny kolor, kt\u00f3ry \u015bwietnie \u0142\u0105czy si\u0119 z innymi barwami. Pasuje do wielu stylizacji casualowych i eleganckich.<\/li>\n<\/ul>\n<h2>Nowe, modne kolory na nadchodz\u0105ce sezony<\/h2>\n<p><img decoding=\"async\" alt=\"Grupa pi\u0119ciu ludzi bawi si\u0119, rozmawiaj\u0105c przy stole w otoczeniu ro\u015blin i kolorowych kwiat\u00f3w.\" src=\"https:\/\/dobraterapia-bochnia.pl\/wp-content\/uploads\/image386853c8b694435a8166347c9f82dd42.png\"\/><\/p>\n<p>Zapewne zastanawiasz si\u0119, jakie nowe kolory staj\u0105 si\u0119 hitami nadchodz\u0105cych sezon\u00f3w. W nadchodz\u0105cych miesi\u0105cach modne b\u0119d\u0105 \u015bwie\u017ce odcienie, kt\u00f3re nadadz\u0105 ka\u017cdej stylizacji nowy charakter. Poni\u017cej przedstawiam kilka z nich:<\/p>\n<ul>\n<li><strong>Odcienie ziemi<\/strong> \u2013 Kolory takie jak be\u017c, khaki czy oliwkowy b\u0119d\u0105 \u017cywe i modne.<\/li>\n<li><strong>Pastelowe barwy<\/strong> \u2013 R\u00f3\u017cne odcienie pastelowe zdominuj\u0105 wiosenno-letnie garderoby.<\/li>\n<li><strong>Intensywne kolory<\/strong> \u2013 Tego lata zaskocz\u0105 nas odwa\u017cne barwy, jak intensywna czerwie\u0144 czy g\u0142\u0119boki b\u0142\u0119kit.<\/li>\n<\/ul>\n<table border=\"1\">\n<tr>\n<th>Kolor<\/th>\n<th>Sezon<\/th>\n<th>Stylizacja<\/th>\n<\/tr>\n<tr>\n<td>Czarny<\/td>\n<td>Ca\u0142oroczny<\/td>\n<td>Formalny<\/td>\n<\/tr>\n<tr>\n<td>Granatowy<\/td>\n<td>Ca\u0142oroczny<\/td>\n<td>Biznesowy<\/td>\n<\/tr>\n<tr>\n<td>Pastelowy r\u00f3\u017c<\/td>\n<td>Wiosna\/Lato<\/td>\n<td>Casualowy<\/td>\n<\/tr>\n<\/table>\n<h2>Jak dobiera\u0107 kolory do osobistego stylu?<\/h2>\n<p>Sztuka dobierania kolor\u00f3w do swojej garderoby jest kluczowa dla stworzenia sp\u00f3jnego i atrakcyjnego wizerunku. Wyb\u00f3r koloru marynarki powinien opiera\u0107 si\u0119 na dw\u00f3ch podstawowych kryteriach: indywidualnych preferencjach oraz typie urody. Analiza kolorystyczna to \u015bwietny spos\u00f3b, aby dowiedzie\u0107 si\u0119, kt\u00f3re kolory najlepiej harmonizuj\u0105 z Twoim wygl\u0105dem. Warto r\u00f3wnie\u017c zastanowi\u0107 si\u0119, jak kolory b\u0119d\u0105 wsp\u00f3\u0142gra\u0142y z Twoim stylem \u017cycia. Z pewno\u015bci\u0105 mo\u017cesz uwzgl\u0119dni\u0107 w swoich stylizacjach kolory, kt\u00f3re dodaj\u0105 Ci pewno\u015bci siebie i sprawiaj\u0105, \u017ce czujesz si\u0119 dobrze.<\/p>\n<h2>Rezumat<\/h2>\n<p>Podsumowuj\u0105c, nadchodz\u0105ce sezony przynios\u0105 wiele interesuj\u0105cych kolorystycznych propozycji na marynarki. Klasyczne odcienie, takie jak czarny, granatowy i szary, wci\u0105\u017c b\u0119d\u0105 w czo\u0142\u00f3wce, ale obok nich pojawi\u0105 si\u0119 nowe, \u015bwie\u017ce tonacje. R\u00f3\u017cne odcienie pastelowe oraz przyjemne dla oka kolory ziemi z pewno\u015bci\u0105 odmieni\u0105 Twoj\u0105 garderob\u0119. Kluczowe b\u0119dzie umiej\u0119tne \u0142\u0105czenie klasyki z nowoczesnymi odcieniami, co przyczyni si\u0119 do stworzenia unikalnego stylu.<\/p>\n<h2>\u00centreb\u0103ri frecvente<\/h2>\n<ul>\n<li><strong>Jakie kolory marynarek b\u0119d\u0105 modne w sezonie wiosna-lato?<\/strong> W tym sezonie popularne b\u0119d\u0105 pastelowe odcienie, takie jak r\u00f3\u017c czy mi\u0119ta, oraz klasyczne uniwersalne kolory, jak granatowy czy szary.<\/li>\n<li><strong>Czy mo\u017cna nosi\u0107 marynarki w odwa\u017cnych kolorach?<\/strong> Oczywi\u015bcie! Odwa\u017cne kolory, takie jak intensywna czerwie\u0144 czy ziele\u0144, b\u0119d\u0105 \u015bwietnie wygl\u0105da\u0142y w po\u0142\u0105czeniu z neutralnymi elementami garderoby.<\/li>\n<li><strong>Jakie materia\u0142y wybra\u0107 na marynarki na wiosn\u0119?<\/strong> Lekkie tkaniny, takie jak len czy bawe\u0142na, b\u0119d\u0105 idealne na cieplejsze dni, zapewniaj\u0105c komfort i styl.<\/li>\n<li><strong>Dlaczego warto zainwestowa\u0107 w klasyczn\u0105 czarn\u0105 marynark\u0119?<\/strong> Klasyczna czarna marynarka to absolutny must-have, poniewa\u017c jest uniwersalna i mo\u017cna j\u0105 nosi\u0107 w wielu sytuacjach, od formalnych po casualowe.<\/li>\n<\/ul>","protected":false},"excerpt":{"rendered":"<p>W \u015bwiecie mody kolory maj\u0105 ogromne znaczenie i potrafi\u0105 odmieni\u0107 ka\u017cd\u0105 stylizacj\u0119. Ka\u017cdego sezonu projektanci zaskakuj\u0105 nas nowymi odcieniami, kt\u00f3re&hellip;<\/p>","protected":false},"author":2,"featured_media":311,"comment_status":"closed","ping_status":"closed","sticky":false,"template":"","format":"standard","meta":{"_acf_changed":false,"footnotes":""},"categories":[1],"tags":[],"class_list":["post-367","post","type-post","status-publish","format-standard","has-post-thumbnail","hentry","category-akcesoria-samochodowe"],"acf":[],"yoast_head":"<!-- This site is optimized with the Yoast SEO plugin v23.2 - https:\/\/yoast.com\/wordpress\/plugins\/seo\/ -->\n<title>Jakie kolory marynarek b\u0119d\u0105 modne w nadchodz\u0105cych sezonach? Trendy i porady na wiosn\u0119-lato 2025<\/title>\n<meta name=\"description\" content=\"Odkryj trendy kolorystyczne marynarek na nadchodz\u0105ce sezony. Klasyka czy nowoczesno\u015b\u0107? Sprawd\u017a najlepsze wybory na wiosn\u0119-lato 2025!\" \/>\n<meta name=\"robots\" content=\"index, follow, max-snippet:-1, max-image-preview:large, max-video-preview:-1\" \/>\n<link rel=\"canonical\" href=\"https:\/\/dobraterapia-bochnia.pl\/ro\/jakie-kolory-marynarek-beda-modne-w-nadchodzacych-sezonach\/\" \/>\n<meta property=\"og:locale\" content=\"ro_RO\" \/>\n<meta property=\"og:type\" content=\"article\" \/>\n<meta property=\"og:title\" content=\"Jakie kolory marynarek b\u0119d\u0105 modne w nadchodz\u0105cych sezonach? Trendy i porady na wiosn\u0119-lato 2025\" \/>\n<meta property=\"og:description\" content=\"Odkryj trendy kolorystyczne marynarek na nadchodz\u0105ce sezony. Klasyka czy nowoczesno\u015b\u0107? Sprawd\u017a najlepsze wybory na wiosn\u0119-lato 2025!\" \/>\n<meta property=\"og:url\" content=\"https:\/\/dobraterapia-bochnia.pl\/ro\/jakie-kolory-marynarek-beda-modne-w-nadchodzacych-sezonach\/\" \/>\n<meta property=\"og:site_name\" content=\"Ozdoby Poland\" \/>\n<meta property=\"article:published_time\" content=\"2025-02-27T00:00:00+00:00\" \/>\n<meta property=\"article:modified_time\" content=\"2025-02-26T12:43:52+00:00\" \/>\n<meta property=\"og:image\" content=\"https:\/\/dobraterapia-bochnia.pl\/wp-content\/uploads\/image74b7db27c2c24448affb930911346816.png\" \/>\n\t<meta property=\"og:image:width\" content=\"1024\" \/>\n\t<meta property=\"og:image:height\" content=\"768\" \/>\n\t<meta property=\"og:image:type\" content=\"image\/png\" \/>\n<meta name=\"author\" content=\"Justyna Kaczmarek\" \/>\n<meta name=\"twitter:card\" content=\"summary_large_image\" \/>\n<meta name=\"twitter:label1\" content=\"Scris de\" \/>\n\t<meta name=\"twitter:data1\" content=\"Justyna Kaczmarek\" \/>\n\t<meta name=\"twitter:label2\" content=\"Timp estimat pentru citire\" \/>\n\t<meta name=\"twitter:data2\" content=\"3 minute\" \/>\n<script type=\"application\/ld+json\" class=\"yoast-schema-graph\">{\"@context\":\"https:\/\/schema.org\",\"@graph\":[{\"@type\":\"WebPage\",\"@id\":\"https:\/\/dobraterapia-bochnia.pl\/jakie-kolory-marynarek-beda-modne-w-nadchodzacych-sezonach\/\",\"url\":\"https:\/\/dobraterapia-bochnia.pl\/jakie-kolory-marynarek-beda-modne-w-nadchodzacych-sezonach\/\",\"name\":\"Jakie kolory marynarek b\u0119d\u0105 modne w nadchodz\u0105cych sezonach? Trendy i porady na wiosn\u0119-lato 2025\",\"isPartOf\":{\"@id\":\"https:\/\/dobraterapia-bochnia.pl\/#website\"},\"primaryImageOfPage\":{\"@id\":\"https:\/\/dobraterapia-bochnia.pl\/jakie-kolory-marynarek-beda-modne-w-nadchodzacych-sezonach\/#primaryimage\"},\"image\":{\"@id\":\"https:\/\/dobraterapia-bochnia.pl\/jakie-kolory-marynarek-beda-modne-w-nadchodzacych-sezonach\/#primaryimage\"},\"thumbnailUrl\":\"https:\/\/dobraterapia-bochnia.pl\/wp-content\/uploads\/image74b7db27c2c24448affb930911346816.png\",\"datePublished\":\"2025-02-27T00:00:00+00:00\",\"dateModified\":\"2025-02-26T12:43:52+00:00\",\"author\":{\"@id\":\"https:\/\/dobraterapia-bochnia.pl\/#\/schema\/person\/9129643a7eac00480205895369e579ed\"},\"description\":\"Odkryj trendy kolorystyczne marynarek na nadchodz\u0105ce sezony. Klasyka czy nowoczesno\u015b\u0107? Sprawd\u017a najlepsze wybory na wiosn\u0119-lato 2025!\",\"breadcrumb\":{\"@id\":\"https:\/\/dobraterapia-bochnia.pl\/jakie-kolory-marynarek-beda-modne-w-nadchodzacych-sezonach\/#breadcrumb\"},\"inLanguage\":\"ro-RO\",\"potentialAction\":[{\"@type\":\"ReadAction\",\"target\":[\"https:\/\/dobraterapia-bochnia.pl\/jakie-kolory-marynarek-beda-modne-w-nadchodzacych-sezonach\/\"]}]},{\"@type\":\"ImageObject\",\"inLanguage\":\"ro-RO\",\"@id\":\"https:\/\/dobraterapia-bochnia.pl\/jakie-kolory-marynarek-beda-modne-w-nadchodzacych-sezonach\/#primaryimage\",\"url\":\"https:\/\/dobraterapia-bochnia.pl\/wp-content\/uploads\/image74b7db27c2c24448affb930911346816.png\",\"contentUrl\":\"https:\/\/dobraterapia-bochnia.pl\/wp-content\/uploads\/image74b7db27c2c24448affb930911346816.png\",\"width\":1024,\"height\":768},{\"@type\":\"BreadcrumbList\",\"@id\":\"https:\/\/dobraterapia-bochnia.pl\/jakie-kolory-marynarek-beda-modne-w-nadchodzacych-sezonach\/#breadcrumb\",\"itemListElement\":[{\"@type\":\"ListItem\",\"position\":1,\"name\":\"Home\",\"item\":\"https:\/\/dobraterapia-bochnia.pl\/\"},{\"@type\":\"ListItem\",\"position\":2,\"name\":\"Jakie kolory marynarek b\u0119d\u0105 modne w nadchodz\u0105cych sezonach?\"}]},{\"@type\":\"WebSite\",\"@id\":\"https:\/\/dobraterapia-bochnia.pl\/#website\",\"url\":\"https:\/\/dobraterapia-bochnia.pl\/\",\"name\":\"Ozdoby Poland\",\"description\":\"Ozdoby do auta \u2013 styl i charakter twojego pojazdu!\",\"potentialAction\":[{\"@type\":\"SearchAction\",\"target\":{\"@type\":\"EntryPoint\",\"urlTemplate\":\"https:\/\/dobraterapia-bochnia.pl\/?s={search_term_string}\"},\"query-input\":\"required name=search_term_string\"}],\"inLanguage\":\"ro-RO\"},{\"@type\":\"Person\",\"@id\":\"https:\/\/dobraterapia-bochnia.pl\/#\/schema\/person\/9129643a7eac00480205895369e579ed\",\"name\":\"Justyna Kaczmarek\",\"image\":{\"@type\":\"ImageObject\",\"inLanguage\":\"ro-RO\",\"@id\":\"https:\/\/dobraterapia-bochnia.pl\/#\/schema\/person\/image\/\",\"url\":\"https:\/\/dobraterapia-bochnia.pl\/wp-content\/uploads\/justyna-kaczmarek_avatar-96x96.jpg\",\"contentUrl\":\"https:\/\/dobraterapia-bochnia.pl\/wp-content\/uploads\/justyna-kaczmarek_avatar-96x96.jpg\",\"caption\":\"Justyna Kaczmarek\"},\"description\":\"Justyna Kaczmarek to ekspertka w dziedzinie mody, kt\u00f3ra od lat pasjonuje si\u0119 \u015bwiatem ubra\u0144 i stylizacji. Specjalizuje si\u0119 w \u015bledzeniu najnowszych trend\u00f3w oraz doradztwie w zakresie tworzenia indywidualnych styl\u00f3w, kt\u00f3re \u0142\u0105cz\u0105 elegancj\u0119 z wygod\u0105.\",\"url\":\"https:\/\/dobraterapia-bochnia.pl\/ro\/author\/justyna-kaczmarek\/\"}]}<\/script>\n<!-- \/ Yoast SEO plugin. -->","yoast_head_json":{"title":"Jakie kolory marynarek b\u0119d\u0105 modne w nadchodz\u0105cych sezonach? Trendy i porady na wiosn\u0119-lato 2025","description":"Odkryj trendy kolorystyczne marynarek na nadchodz\u0105ce sezony. Klasyka czy nowoczesno\u015b\u0107? Sprawd\u017a najlepsze wybory na wiosn\u0119-lato 2025!","robots":{"index":"index","follow":"follow","max-snippet":"max-snippet:-1","max-image-preview":"max-image-preview:large","max-video-preview":"max-video-preview:-1"},"canonical":"https:\/\/dobraterapia-bochnia.pl\/ro\/jakie-kolory-marynarek-beda-modne-w-nadchodzacych-sezonach\/","og_locale":"ro_RO","og_type":"article","og_title":"Jakie kolory marynarek b\u0119d\u0105 modne w nadchodz\u0105cych sezonach? Trendy i porady na wiosn\u0119-lato 2025","og_description":"Odkryj trendy kolorystyczne marynarek na nadchodz\u0105ce sezony. Klasyka czy nowoczesno\u015b\u0107? Sprawd\u017a najlepsze wybory na wiosn\u0119-lato 2025!","og_url":"https:\/\/dobraterapia-bochnia.pl\/ro\/jakie-kolory-marynarek-beda-modne-w-nadchodzacych-sezonach\/","og_site_name":"Ozdoby Poland","article_published_time":"2025-02-27T00:00:00+00:00","article_modified_time":"2025-02-26T12:43:52+00:00","og_image":[{"width":1024,"height":768,"url":"https:\/\/dobraterapia-bochnia.pl\/wp-content\/uploads\/image74b7db27c2c24448affb930911346816.png","type":"image\/png"}],"author":"Justyna Kaczmarek","twitter_card":"summary_large_image","twitter_misc":{"Scris de":"Justyna Kaczmarek","Timp estimat pentru citire":"3 minute"},"schema":{"@context":"https:\/\/schema.org","@graph":[{"@type":"WebPage","@id":"https:\/\/dobraterapia-bochnia.pl\/jakie-kolory-marynarek-beda-modne-w-nadchodzacych-sezonach\/","url":"https:\/\/dobraterapia-bochnia.pl\/jakie-kolory-marynarek-beda-modne-w-nadchodzacych-sezonach\/","name":"Jakie kolory marynarek b\u0119d\u0105 modne w nadchodz\u0105cych sezonach? Trendy i porady na wiosn\u0119-lato 2025","isPartOf":{"@id":"https:\/\/dobraterapia-bochnia.pl\/#website"},"primaryImageOfPage":{"@id":"https:\/\/dobraterapia-bochnia.pl\/jakie-kolory-marynarek-beda-modne-w-nadchodzacych-sezonach\/#primaryimage"},"image":{"@id":"https:\/\/dobraterapia-bochnia.pl\/jakie-kolory-marynarek-beda-modne-w-nadchodzacych-sezonach\/#primaryimage"},"thumbnailUrl":"https:\/\/dobraterapia-bochnia.pl\/wp-content\/uploads\/image74b7db27c2c24448affb930911346816.png","datePublished":"2025-02-27T00:00:00+00:00","dateModified":"2025-02-26T12:43:52+00:00","author":{"@id":"https:\/\/dobraterapia-bochnia.pl\/#\/schema\/person\/9129643a7eac00480205895369e579ed"},"description":"Odkryj trendy kolorystyczne marynarek na nadchodz\u0105ce sezony. Klasyka czy nowoczesno\u015b\u0107? Sprawd\u017a najlepsze wybory na wiosn\u0119-lato 2025!","breadcrumb":{"@id":"https:\/\/dobraterapia-bochnia.pl\/jakie-kolory-marynarek-beda-modne-w-nadchodzacych-sezonach\/#breadcrumb"},"inLanguage":"ro-RO","potentialAction":[{"@type":"ReadAction","target":["https:\/\/dobraterapia-bochnia.pl\/jakie-kolory-marynarek-beda-modne-w-nadchodzacych-sezonach\/"]}]},{"@type":"ImageObject","inLanguage":"ro-RO","@id":"https:\/\/dobraterapia-bochnia.pl\/jakie-kolory-marynarek-beda-modne-w-nadchodzacych-sezonach\/#primaryimage","url":"https:\/\/dobraterapia-bochnia.pl\/wp-content\/uploads\/image74b7db27c2c24448affb930911346816.png","contentUrl":"https:\/\/dobraterapia-bochnia.pl\/wp-content\/uploads\/image74b7db27c2c24448affb930911346816.png","width":1024,"height":768},{"@type":"BreadcrumbList","@id":"https:\/\/dobraterapia-bochnia.pl\/jakie-kolory-marynarek-beda-modne-w-nadchodzacych-sezonach\/#breadcrumb","itemListElement":[{"@type":"ListItem","position":1,"name":"Home","item":"https:\/\/dobraterapia-bochnia.pl\/"},{"@type":"ListItem","position":2,"name":"Jakie kolory marynarek b\u0119d\u0105 modne w nadchodz\u0105cych sezonach?"}]},{"@type":"WebSite","@id":"https:\/\/dobraterapia-bochnia.pl\/#website","url":"https:\/\/dobraterapia-bochnia.pl\/","name":"Ozdoby Poland","description":"Ozdoby do auta \u2013 styl i charakter twojego pojazdu!","potentialAction":[{"@type":"SearchAction","target":{"@type":"EntryPoint","urlTemplate":"https:\/\/dobraterapia-bochnia.pl\/?s={search_term_string}"},"query-input":"required name=search_term_string"}],"inLanguage":"ro-RO"},{"@type":"Person","@id":"https:\/\/dobraterapia-bochnia.pl\/#\/schema\/person\/9129643a7eac00480205895369e579ed","name":"Justyna Kaczmarek","image":{"@type":"ImageObject","inLanguage":"ro-RO","@id":"https:\/\/dobraterapia-bochnia.pl\/#\/schema\/person\/image\/","url":"https:\/\/dobraterapia-bochnia.pl\/wp-content\/uploads\/justyna-kaczmarek_avatar-96x96.jpg","contentUrl":"https:\/\/dobraterapia-bochnia.pl\/wp-content\/uploads\/justyna-kaczmarek_avatar-96x96.jpg","caption":"Justyna Kaczmarek"},"description":"Justyna Kaczmarek to ekspertka w dziedzinie mody, kt\u00f3ra od lat pasjonuje si\u0119 \u015bwiatem ubra\u0144 i stylizacji. Specjalizuje si\u0119 w \u015bledzeniu najnowszych trend\u00f3w oraz doradztwie w zakresie tworzenia indywidualnych styl\u00f3w, kt\u00f3re \u0142\u0105cz\u0105 elegancj\u0119 z wygod\u0105.","url":"https:\/\/dobraterapia-bochnia.pl\/ro\/author\/justyna-kaczmarek\/"}]}},"yoast_meta":{"yoast_wpseo_title":"","yoast_wpseo_metadesc":"","yoast_wpseo_canonical":"https:\/\/dobraterapia-bochnia.pl\/ro\/wp-json\/wp\/v2\/posts\/367"},"_links":{"self":[{"href":"https:\/\/dobraterapia-bochnia.pl\/ro\/wp-json\/wp\/v2\/posts\/367"}],"collection":[{"href":"https:\/\/dobraterapia-bochnia.pl\/ro\/wp-json\/wp\/v2\/posts"}],"about":[{"href":"https:\/\/dobraterapia-bochnia.pl\/ro\/wp-json\/wp\/v2\/types\/post"}],"author":[{"embeddable":true,"href":"https:\/\/dobraterapia-bochnia.pl\/ro\/wp-json\/wp\/v2\/users\/2"}],"replies":[{"embeddable":true,"href":"https:\/\/dobraterapia-bochnia.pl\/ro\/wp-json\/wp\/v2\/comments?post=367"}],"version-history":[{"count":1,"href":"https:\/\/dobraterapia-bochnia.pl\/ro\/wp-json\/wp\/v2\/posts\/367\/revisions"}],"predecessor-version":[{"id":392,"href":"https:\/\/dobraterapia-bochnia.pl\/ro\/wp-json\/wp\/v2\/posts\/367\/revisions\/392"}],"wp:featuredmedia":[{"embeddable":true,"href":"https:\/\/dobraterapia-bochnia.pl\/ro\/wp-json\/wp\/v2\/media\/311"}],"wp:attachment":[{"href":"https:\/\/dobraterapia-bochnia.pl\/ro\/wp-json\/wp\/v2\/media?parent=367"}],"wp:term":[{"taxonomy":"category","embeddable":true,"href":"https:\/\/dobraterapia-bochnia.pl\/ro\/wp-json\/wp\/v2\/categories?post=367"},{"taxonomy":"post_tag","embeddable":true,"href":"https:\/\/dobraterapia-bochnia.pl\/ro\/wp-json\/wp\/v2\/tags?post=367"}],"curies":[{"name":"wp","href":"https:\/\/api.w.org\/{rel}","templated":true}]}}