{"id":431,"date":"2025-03-15T00:00:00","date_gmt":"2025-03-15T00:00:00","guid":{"rendered":"https:\/\/dobraterapia-bochnia.pl\/?p=431"},"modified":"2025-03-15T00:00:00","modified_gmt":"2025-03-15T00:00:00","slug":"jak-modnie-nosic-dlugie-spodnice-w-sezonie-wiosennym","status":"publish","type":"post","link":"https:\/\/dobraterapia-bochnia.pl\/ro\/jak-modnie-nosic-dlugie-spodnice-w-sezonie-wiosennym\/","title":{"rendered":"Jak modnie nosi\u0107 d\u0142ugie sp\u00f3dnice w sezonie wiosennym?"},"content":{"rendered":"<div class=\"kk-star-ratings kksr-auto kksr-align-left kksr-valign-top\"\n    data-payload='{&quot;align&quot;:&quot;left&quot;,&quot;id&quot;:&quot;431&quot;,&quot;slug&quot;:&quot;default&quot;,&quot;valign&quot;:&quot;top&quot;,&quot;ignore&quot;:&quot;&quot;,&quot;reference&quot;:&quot;auto&quot;,&quot;class&quot;:&quot;&quot;,&quot;count&quot;:&quot;0&quot;,&quot;legendonly&quot;:&quot;&quot;,&quot;readonly&quot;:&quot;&quot;,&quot;score&quot;:&quot;0&quot;,&quot;starsonly&quot;:&quot;&quot;,&quot;best&quot;:&quot;5&quot;,&quot;gap&quot;:&quot;5&quot;,&quot;greet&quot;:&quot;&quot;,&quot;legend&quot;:&quot;0\\\/5 - (0 votes)&quot;,&quot;size&quot;:&quot;24&quot;,&quot;title&quot;:&quot;Jak modnie nosi\u0107 d\u0142ugie sp\u00f3dnice w sezonie wiosennym?&quot;,&quot;width&quot;:&quot;0&quot;,&quot;_legend&quot;:&quot;{score}\\\/{best} - ({count} {votes})&quot;,&quot;font_factor&quot;:&quot;1.25&quot;}'>\n            \n<div class=\"kksr-stars\">\n    \n<div class=\"kksr-stars-inactive\">\n            <div class=\"kksr-star\" data-star=\"1\" style=\"padding-right: 5px\">\n            \n\n<div class=\"kksr-icon\" style=\"width: 24px; height: 24px;\"><\/div>\n        <\/div>\n            <div class=\"kksr-star\" data-star=\"2\" style=\"padding-right: 5px\">\n            \n\n<div class=\"kksr-icon\" style=\"width: 24px; height: 24px;\"><\/div>\n        <\/div>\n            <div class=\"kksr-star\" data-star=\"3\" style=\"padding-right: 5px\">\n            \n\n<div class=\"kksr-icon\" style=\"width: 24px; height: 24px;\"><\/div>\n        <\/div>\n            <div class=\"kksr-star\" data-star=\"4\" style=\"padding-right: 5px\">\n            \n\n<div class=\"kksr-icon\" style=\"width: 24px; height: 24px;\"><\/div>\n        <\/div>\n            <div class=\"kksr-star\" data-star=\"5\" style=\"padding-right: 5px\">\n            \n\n<div class=\"kksr-icon\" style=\"width: 24px; height: 24px;\"><\/div>\n        <\/div>\n    <\/div>\n    \n<div class=\"kksr-stars-active\" style=\"width: 0px;\">\n            <div class=\"kksr-star\" style=\"padding-right: 5px\">\n            \n\n<div class=\"kksr-icon\" style=\"width: 24px; height: 24px;\"><\/div>\n        <\/div>\n            <div class=\"kksr-star\" style=\"padding-right: 5px\">\n            \n\n<div class=\"kksr-icon\" style=\"width: 24px; height: 24px;\"><\/div>\n        <\/div>\n            <div class=\"kksr-star\" style=\"padding-right: 5px\">\n            \n\n<div class=\"kksr-icon\" style=\"width: 24px; height: 24px;\"><\/div>\n        <\/div>\n            <div class=\"kksr-star\" style=\"padding-right: 5px\">\n            \n\n<div class=\"kksr-icon\" style=\"width: 24px; height: 24px;\"><\/div>\n        <\/div>\n            <div class=\"kksr-star\" style=\"padding-right: 5px\">\n            \n\n<div class=\"kksr-icon\" style=\"width: 24px; height: 24px;\"><\/div>\n        <\/div>\n    <\/div>\n<\/div>\n                \n\n<div class=\"kksr-legend\" style=\"font-size: 19.2px;\">\n            <span class=\"kksr-muted\"><\/span>\n    <\/div>\n    <\/div>\n<p>Wraz z wiosennym budzeniem si\u0119 przyrody, pojawia si\u0119 r\u00f3wnie\u017c ch\u0119\u0107 od\u015bwie\u017cenia swojej garderoby. D\u0142ugie sp\u00f3dnice na nowo wracaj\u0105 do \u0142ask i staj\u0105 si\u0119 must-have w ka\u017cdej modowej szafie. Nie tylko oferuj\u0105 wygod\u0119, ale r\u00f3wnie\u017c niespotykan\u0105 elegancj\u0119, daj\u0105c mo\u017cliwo\u015b\u0107 tworzenia niezwykle stylowych zestawie\u0144. Mo\u017cna je zestawia\u0107 z r\u00f3\u017cnorodnymi elementami odzie\u017cy, co sprawia, \u017ce ka\u017cda stylizacja nabiera wyj\u0105tkowego charakteru. Warto wi\u0119c przyjrze\u0107 si\u0119, jakie trendy b\u0119dziemy nosi\u0107 tej wiosny i jak odpowiednio dopasowa\u0107 d\u0142ugie sp\u00f3dnice do r\u00f3\u017cnych okazji. W artykule znajdziesz porady dotycz\u0105ce stylizacji oraz dodatk\u00f3w, kt\u00f3re uczyni\u0105 z nich nieod\u0142\u0105czny element Twojego wiosennego looku.<\/p>\n<h2>Trendy w d\u0142ugich sp\u00f3dnicach na wiosn\u0119<\/h2>\n<p><img decoding=\"async\" alt=\"M\u0142oda kobieta w jasnej koszulce i d\u017cinsowej sp\u00f3dnicy siedzi na \u0142awce w miejskim otoczeniu.\" src=\"https:\/\/dobraterapia-bochnia.pl\/wp-content\/uploads\/imagef943c4b7f9534a84ab8eef9c1a9201f4.png\"\/><\/p>\n<p>D\u0142ugie sp\u00f3dnice w tej porze roku zachwycaj\u0105 bogactwem wzor\u00f3w, kolor\u00f3w i tkanin. W modzie wiosennej wida\u0107 wp\u0142ywy retro, jak r\u00f3wnie\u017c nowoczesne akcenty, kt\u00f3re przyci\u0105gaj\u0105 wzrok. Oto najpopularniejsze elementy, kt\u00f3re warto zna\u0107, aby by\u0107 na bie\u017c\u0105co z modowymi trendami:<\/p>\n<ul>\n<li>Pastelowe odcienie: od delikatnego r\u00f3\u017cu po b\u0142\u0119kit, kt\u00f3re idealnie pasuj\u0105 do wiosennego klimatu.<\/li>\n<li>Kwiatowe wzory: sukienki w kwiaty to absolutny hit, kt\u00f3ry wnosi \u015bwie\u017co\u015b\u0107 i romantyzm.<\/li>\n<li>Geometria: nowoczesne, geometryczne deseni dodaj\u0105 zmys\u0142owo\u015bci i elegancji ka\u017cdej stylizacji.<\/li>\n<\/ul>\n<p>Wyb\u00f3r odpowiednich materia\u0142\u00f3w jest r\u00f3wnie\u017c kluczowy. Podczas gdy l\u017cejsze tkaniny sprawdzaj\u0105 si\u0119 idealnie w cieplejsze dni, drobne detale w zdobieniach mog\u0105 doda\u0107 charakteru ka\u017cdej stylizacji. Oto kilka materia\u0142\u00f3w, kt\u00f3re ciesz\u0105 si\u0119 uznaniem w nadchodz\u0105cych miesi\u0105cach:<\/p>\n<table border=\"1\">\n<tr>\n<th>Materia\u0142<\/th>\n<th>Opis<\/th>\n<\/tr>\n<tr>\n<td>Bawe\u0142na<\/td>\n<td>Oddychaj\u0105ca i komfortowa, idealna na ciep\u0142e dni.<\/td>\n<\/tr>\n<tr>\n<td>Szyfon<\/td>\n<td>Lekki, zwiewny materia\u0142, kt\u00f3ry dodaje elegancji.<\/td>\n<\/tr>\n<tr>\n<td>Koronkowe akcenty<\/td>\n<td>O\u017cywiaj\u0105 ka\u017cd\u0105 stylizacj\u0119, dodaj\u0105c jej odrobin\u0119 romantyzmu.<\/td>\n<\/tr>\n<\/table>\n<h2>Jak stylizowa\u0107 d\u0142ugie sp\u00f3dnice?<\/h2>\n<p><img decoding=\"async\" alt=\"Elegancka kobieta w d\u0142ugiej sukni spaceruje po ogrodzie, w tle dekoracyjne \u015bwiat\u0142a i biesiada.\" src=\"https:\/\/dobraterapia-bochnia.pl\/wp-content\/uploads\/image1d39b732ed9c420fa4adceacf0844d66.png\"\/><\/p>\n<p>Wiele kobiet zastanawia si\u0119, jak najlepiej zestawi\u0107 d\u0142ug\u0105 sp\u00f3dnic\u0119 z innymi elementami garderoby. Kluczem do sukcesu jest dopasowanie stylu do okazji i swojego indywidualnego gustu. Mo\u017cna wyr\u00f3\u017cni\u0107 trzy g\u0142\u00f3wne style, kt\u00f3re z pewno\u015bci\u0105 przyci\u0105gn\u0105 spojrzenia innych. Warto je wszystkie pozna\u0107.<\/p>\n<h3>Casualowy look<\/h3>\n<p>Casualowe zestawienie daje mo\u017cliwo\u015b\u0107 du\u017cej swobody. Mo\u017cna po\u0142\u0105czy\u0107 d\u0142ug\u0105 sp\u00f3dnic\u0119 z prostym T-shirtem lub topem, tworz\u0105c w ten spos\u00f3b stylizacj\u0119 idealn\u0105 na spacery czy spotkania w gronie przyjaci\u00f3\u0142. Do tego spasuj wygodne sneakersy lub sanda\u0142y na p\u0142askiej podeszwie, co sprawi, \u017ce ca\u0142o\u015b\u0107 nabierze swobodnego charakteru.<\/p>\n<h3>Elegancka stylizacja<\/h3>\n<p>Na formalniejsze okazje, takie jak wesela czy uroczysto\u015bci, warto zestawi\u0107 d\u0142ug\u0105 sp\u00f3dnic\u0119 z eleganck\u0105 bluzk\u0105. Dobrze dopasowane szpilki oraz starannie dobrane dodatki dope\u0142ni\u0105 kreacj\u0119. Pami\u0119taj, \u017ce klasyczne kolory, takie jak czer\u0144, granat czy butelkowa ziele\u0144, nigdy nie wychodz\u0105 z mody.<\/p>\n<h3>Warstwy na ch\u0142odniejsze dni<\/h3>\n<p>Kiedy wietrzyk staje si\u0119 ch\u0142odniejszy, ch\u0119tnie si\u0119gamy po warstwy. D\u0142ug\u0105 sp\u00f3dnic\u0119 mo\u017cna zestawi\u0107 z jeansow\u0105 kurtk\u0105 lub kardiganem. To po\u0142\u0105czenie doda luzu i stylu, jednocze\u015bnie zapewniaj\u0105c komfort. Warto eksperymentowa\u0107 z fakturami i kolorami, aby stworzy\u0107 ciekaw\u0105 i niebanaln\u0105 stylizacj\u0119 na co dzie\u0144.<\/p>\n<h2>Dodatki do d\u0142ugich sp\u00f3dnic<\/h2>\n<p>Dodatki s\u0105 kluczowym elementem ka\u017cdej stylizacji. To one nadaj\u0105 ca\u0142o\u015bci charakteru i wyrazisto\u015bci. Poni\u017cej przedstawiam kilka propozycji, kt\u00f3re doskonale komponuj\u0105 si\u0119 z d\u0142ugimi sp\u00f3dnicami:<\/p>\n<ul>\n<li>Bi\u017cuteria: subtelna bi\u017cuteria, jak delikatne bransoletki, naszyjniki czy wi\u0119ksze kolczyki mog\u0105 doda\u0107 elegancji i wyrazisto\u015bci.<\/li>\n<li>Torebki: w zale\u017cno\u015bci od okazji, wybierz torebk\u0119, kt\u00f3ra b\u0119dzie pasowa\u0142a do stylizacji \u2013 na co dzie\u0144 sprawdz\u0105 si\u0119 ma\u0142e plecaki, a na eleganckie wyj\u015bcia \u2013 kopert\u00f3wki.<\/li>\n<li>Paski: cienkie paski mog\u0105 podkre\u015bli\u0107 tali\u0119 i o\u017cywi\u0107 ca\u0142\u0105 stylizacj\u0119, co jest niezwykle wa\u017cne przy d\u0142ugich fasonach sp\u00f3dnic.<\/li>\n<\/ul>\n<h2>Rezumat<\/h2>\n<p>D\u0142ugie sp\u00f3dnice to niezaprzeczalnie jeden z najmodniejszych element\u00f3w wiosennej garderoby. Dzi\u0119ki r\u00f3\u017cnorodno\u015bci fason\u00f3w, wzor\u00f3w i mo\u017cliwo\u015bci stylizacji, ka\u017cda kobieta mo\u017ce znale\u017a\u0107 co\u015b dla siebie. Umiej\u0119tne \u0142\u0105czenie sp\u00f3dnic z r\u00f3\u017cnymi elementami odzie\u017cy oraz dodatkami sprawia, \u017ce wygl\u0105daj\u0105 one zawsze \u015bwie\u017co i elegancko. Warto czerpa\u0107 inspiracje z mody ulicznej oraz designer\u00f3w, bo moda to przede wszystkim zabawa stylem. Zainwestuj w jako\u015b\u0107 i nie b\u00f3j si\u0119 eksperymentowa\u0107!<\/p>\n<h2>\u00centreb\u0103ri frecvente<\/h2>\n<ul>\n<li><strong>Jakie obuwie pasuje do d\u0142ugich sp\u00f3dnic?<\/strong> Sneakersy, sanda\u0142y, baleriny lub szpilki \u2013 w zale\u017cno\u015bci od charakteru stylizacji.<\/li>\n<li><strong>Czy d\u0142ugie sp\u00f3dnice pasuj\u0105 do ka\u017cdego typu figury?<\/strong> Tak, d\u0142ugie sp\u00f3dnice mog\u0105 by\u0107 bardzo uniwersalne, wystarczy dobra\u0107 odpowiedni kr\u00f3j i materia\u0142.<\/li>\n<li><strong>Jakie akcesoria najlepiej komponuj\u0105 si\u0119 z d\u0142ugimi sp\u00f3dnicami?<\/strong> Delikatna bi\u017cuteria, torebki w r\u00f3\u017cnych rozmiarach i ciekawe paski mog\u0105 \u015bwietnie uzupe\u0142ni\u0107 stylizacj\u0119.<\/li>\n<li><strong>Czy mo\u017cna nosi\u0107 d\u0142ugie sp\u00f3dnice na co dzie\u0144?<\/strong> Oczywi\u015bcie! D\u0142ugie sp\u00f3dnice idealnie sprawdzaj\u0105 si\u0119 w codziennych stylizacjach, je\u015bli zestawisz je z odpowiednimi elementami garderoby.<\/li>\n<\/ul>","protected":false},"excerpt":{"rendered":"<p>Wraz z wiosennym budzeniem si\u0119 przyrody, pojawia si\u0119 r\u00f3wnie\u017c ch\u0119\u0107 od\u015bwie\u017cenia swojej garderoby. D\u0142ugie sp\u00f3dnice na nowo wracaj\u0105 do \u0142ask&hellip;<\/p>","protected":false},"author":1,"featured_media":414,"comment_status":"closed","ping_status":"closed","sticky":false,"template":"","format":"standard","meta":{"_acf_changed":false,"footnotes":""},"categories":[1],"tags":[],"class_list":["post-431","post","type-post","status-publish","format-standard","has-post-thumbnail","hentry","category-akcesoria-samochodowe"],"acf":[],"yoast_head":"<!-- This site is optimized with the Yoast SEO plugin v23.2 - https:\/\/yoast.com\/wordpress\/plugins\/seo\/ -->\n<title>Jak modnie nosi\u0107 d\u0142ugie sp\u00f3dnice w sezonie wiosennym? Przewodnik po stylizacjach<\/title>\n<meta name=\"description\" content=\"Odkryj, jak stylowo nosi\u0107 d\u0142ugie sp\u00f3dnice na wiosn\u0119! Poznaj trendy, stylizacje i dodatki, kt\u00f3re zachwyc\u0105 ka\u017cdego.\" \/>\n<meta name=\"robots\" content=\"index, follow, max-snippet:-1, max-image-preview:large, max-video-preview:-1\" \/>\n<link rel=\"canonical\" href=\"https:\/\/dobraterapia-bochnia.pl\/ro\/jak-modnie-nosic-dlugie-spodnice-w-sezonie-wiosennym\/\" \/>\n<meta property=\"og:locale\" content=\"ro_RO\" \/>\n<meta property=\"og:type\" content=\"article\" \/>\n<meta property=\"og:title\" content=\"Jak modnie nosi\u0107 d\u0142ugie sp\u00f3dnice w sezonie wiosennym? Przewodnik po stylizacjach\" \/>\n<meta property=\"og:description\" content=\"Odkryj, jak stylowo nosi\u0107 d\u0142ugie sp\u00f3dnice na wiosn\u0119! Poznaj trendy, stylizacje i dodatki, kt\u00f3re zachwyc\u0105 ka\u017cdego.\" \/>\n<meta property=\"og:url\" content=\"https:\/\/dobraterapia-bochnia.pl\/ro\/jak-modnie-nosic-dlugie-spodnice-w-sezonie-wiosennym\/\" \/>\n<meta property=\"og:site_name\" content=\"Ozdoby Poland\" \/>\n<meta property=\"article:published_time\" content=\"2025-03-15T00:00:00+00:00\" \/>\n<meta property=\"og:image\" content=\"https:\/\/dobraterapia-bochnia.pl\/wp-content\/uploads\/image01d03184e68a449090305a97c4c1abdb.png\" \/>\n\t<meta property=\"og:image:width\" content=\"1024\" \/>\n\t<meta property=\"og:image:height\" content=\"768\" \/>\n\t<meta property=\"og:image:type\" content=\"image\/png\" \/>\n<meta name=\"author\" content=\"Jerzy Michalak\" \/>\n<meta name=\"twitter:card\" content=\"summary_large_image\" \/>\n<meta name=\"twitter:label1\" content=\"Scris de\" \/>\n\t<meta name=\"twitter:data1\" content=\"Jerzy Michalak\" \/>\n\t<meta name=\"twitter:label2\" content=\"Timp estimat pentru citire\" \/>\n\t<meta name=\"twitter:data2\" content=\"4 minute\" \/>\n<script type=\"application\/ld+json\" class=\"yoast-schema-graph\">{\"@context\":\"https:\/\/schema.org\",\"@graph\":[{\"@type\":\"WebPage\",\"@id\":\"https:\/\/dobraterapia-bochnia.pl\/jak-modnie-nosic-dlugie-spodnice-w-sezonie-wiosennym\/\",\"url\":\"https:\/\/dobraterapia-bochnia.pl\/jak-modnie-nosic-dlugie-spodnice-w-sezonie-wiosennym\/\",\"name\":\"Jak modnie nosi\u0107 d\u0142ugie sp\u00f3dnice w sezonie wiosennym? Przewodnik po stylizacjach\",\"isPartOf\":{\"@id\":\"https:\/\/dobraterapia-bochnia.pl\/#website\"},\"primaryImageOfPage\":{\"@id\":\"https:\/\/dobraterapia-bochnia.pl\/jak-modnie-nosic-dlugie-spodnice-w-sezonie-wiosennym\/#primaryimage\"},\"image\":{\"@id\":\"https:\/\/dobraterapia-bochnia.pl\/jak-modnie-nosic-dlugie-spodnice-w-sezonie-wiosennym\/#primaryimage\"},\"thumbnailUrl\":\"https:\/\/dobraterapia-bochnia.pl\/wp-content\/uploads\/image01d03184e68a449090305a97c4c1abdb.png\",\"datePublished\":\"2025-03-15T00:00:00+00:00\",\"dateModified\":\"2025-03-15T00:00:00+00:00\",\"author\":{\"@id\":\"https:\/\/dobraterapia-bochnia.pl\/#\/schema\/person\/723ee187e93036e7fa925b480f9437b9\"},\"description\":\"Odkryj, jak stylowo nosi\u0107 d\u0142ugie sp\u00f3dnice na wiosn\u0119! Poznaj trendy, stylizacje i dodatki, kt\u00f3re zachwyc\u0105 ka\u017cdego.\",\"breadcrumb\":{\"@id\":\"https:\/\/dobraterapia-bochnia.pl\/jak-modnie-nosic-dlugie-spodnice-w-sezonie-wiosennym\/#breadcrumb\"},\"inLanguage\":\"ro-RO\",\"potentialAction\":[{\"@type\":\"ReadAction\",\"target\":[\"https:\/\/dobraterapia-bochnia.pl\/jak-modnie-nosic-dlugie-spodnice-w-sezonie-wiosennym\/\"]}]},{\"@type\":\"ImageObject\",\"inLanguage\":\"ro-RO\",\"@id\":\"https:\/\/dobraterapia-bochnia.pl\/jak-modnie-nosic-dlugie-spodnice-w-sezonie-wiosennym\/#primaryimage\",\"url\":\"https:\/\/dobraterapia-bochnia.pl\/wp-content\/uploads\/image01d03184e68a449090305a97c4c1abdb.png\",\"contentUrl\":\"https:\/\/dobraterapia-bochnia.pl\/wp-content\/uploads\/image01d03184e68a449090305a97c4c1abdb.png\",\"width\":1024,\"height\":768},{\"@type\":\"BreadcrumbList\",\"@id\":\"https:\/\/dobraterapia-bochnia.pl\/jak-modnie-nosic-dlugie-spodnice-w-sezonie-wiosennym\/#breadcrumb\",\"itemListElement\":[{\"@type\":\"ListItem\",\"position\":1,\"name\":\"Home\",\"item\":\"https:\/\/dobraterapia-bochnia.pl\/\"},{\"@type\":\"ListItem\",\"position\":2,\"name\":\"Jak modnie nosi\u0107 d\u0142ugie sp\u00f3dnice w sezonie wiosennym?\"}]},{\"@type\":\"WebSite\",\"@id\":\"https:\/\/dobraterapia-bochnia.pl\/#website\",\"url\":\"https:\/\/dobraterapia-bochnia.pl\/\",\"name\":\"Ozdoby Poland\",\"description\":\"Ozdoby do auta \u2013 styl i charakter twojego pojazdu!\",\"potentialAction\":[{\"@type\":\"SearchAction\",\"target\":{\"@type\":\"EntryPoint\",\"urlTemplate\":\"https:\/\/dobraterapia-bochnia.pl\/?s={search_term_string}\"},\"query-input\":\"required name=search_term_string\"}],\"inLanguage\":\"ro-RO\"},{\"@type\":\"Person\",\"@id\":\"https:\/\/dobraterapia-bochnia.pl\/#\/schema\/person\/723ee187e93036e7fa925b480f9437b9\",\"name\":\"Jerzy Michalak\",\"image\":{\"@type\":\"ImageObject\",\"inLanguage\":\"ro-RO\",\"@id\":\"https:\/\/dobraterapia-bochnia.pl\/#\/schema\/person\/image\/\",\"url\":\"https:\/\/dobraterapia-bochnia.pl\/wp-content\/uploads\/jerzy-michalak_avatar-96x96.jpg\",\"contentUrl\":\"https:\/\/dobraterapia-bochnia.pl\/wp-content\/uploads\/jerzy-michalak_avatar-96x96.jpg\",\"caption\":\"Jerzy Michalak\"},\"url\":\"https:\/\/dobraterapia-bochnia.pl\/ro\/author\/jerzy-michalak\/\"}]}<\/script>\n<!-- \/ Yoast SEO plugin. -->","yoast_head_json":{"title":"Jak modnie nosi\u0107 d\u0142ugie sp\u00f3dnice w sezonie wiosennym? Przewodnik po stylizacjach","description":"Odkryj, jak stylowo nosi\u0107 d\u0142ugie sp\u00f3dnice na wiosn\u0119! Poznaj trendy, stylizacje i dodatki, kt\u00f3re zachwyc\u0105 ka\u017cdego.","robots":{"index":"index","follow":"follow","max-snippet":"max-snippet:-1","max-image-preview":"max-image-preview:large","max-video-preview":"max-video-preview:-1"},"canonical":"https:\/\/dobraterapia-bochnia.pl\/ro\/jak-modnie-nosic-dlugie-spodnice-w-sezonie-wiosennym\/","og_locale":"ro_RO","og_type":"article","og_title":"Jak modnie nosi\u0107 d\u0142ugie sp\u00f3dnice w sezonie wiosennym? Przewodnik po stylizacjach","og_description":"Odkryj, jak stylowo nosi\u0107 d\u0142ugie sp\u00f3dnice na wiosn\u0119! Poznaj trendy, stylizacje i dodatki, kt\u00f3re zachwyc\u0105 ka\u017cdego.","og_url":"https:\/\/dobraterapia-bochnia.pl\/ro\/jak-modnie-nosic-dlugie-spodnice-w-sezonie-wiosennym\/","og_site_name":"Ozdoby Poland","article_published_time":"2025-03-15T00:00:00+00:00","og_image":[{"width":1024,"height":768,"url":"https:\/\/dobraterapia-bochnia.pl\/wp-content\/uploads\/image01d03184e68a449090305a97c4c1abdb.png","type":"image\/png"}],"author":"Jerzy Michalak","twitter_card":"summary_large_image","twitter_misc":{"Scris de":"Jerzy Michalak","Timp estimat pentru citire":"4 minute"},"schema":{"@context":"https:\/\/schema.org","@graph":[{"@type":"WebPage","@id":"https:\/\/dobraterapia-bochnia.pl\/jak-modnie-nosic-dlugie-spodnice-w-sezonie-wiosennym\/","url":"https:\/\/dobraterapia-bochnia.pl\/jak-modnie-nosic-dlugie-spodnice-w-sezonie-wiosennym\/","name":"Jak modnie nosi\u0107 d\u0142ugie sp\u00f3dnice w sezonie wiosennym? Przewodnik po stylizacjach","isPartOf":{"@id":"https:\/\/dobraterapia-bochnia.pl\/#website"},"primaryImageOfPage":{"@id":"https:\/\/dobraterapia-bochnia.pl\/jak-modnie-nosic-dlugie-spodnice-w-sezonie-wiosennym\/#primaryimage"},"image":{"@id":"https:\/\/dobraterapia-bochnia.pl\/jak-modnie-nosic-dlugie-spodnice-w-sezonie-wiosennym\/#primaryimage"},"thumbnailUrl":"https:\/\/dobraterapia-bochnia.pl\/wp-content\/uploads\/image01d03184e68a449090305a97c4c1abdb.png","datePublished":"2025-03-15T00:00:00+00:00","dateModified":"2025-03-15T00:00:00+00:00","author":{"@id":"https:\/\/dobraterapia-bochnia.pl\/#\/schema\/person\/723ee187e93036e7fa925b480f9437b9"},"description":"Odkryj, jak stylowo nosi\u0107 d\u0142ugie sp\u00f3dnice na wiosn\u0119! Poznaj trendy, stylizacje i dodatki, kt\u00f3re zachwyc\u0105 ka\u017cdego.","breadcrumb":{"@id":"https:\/\/dobraterapia-bochnia.pl\/jak-modnie-nosic-dlugie-spodnice-w-sezonie-wiosennym\/#breadcrumb"},"inLanguage":"ro-RO","potentialAction":[{"@type":"ReadAction","target":["https:\/\/dobraterapia-bochnia.pl\/jak-modnie-nosic-dlugie-spodnice-w-sezonie-wiosennym\/"]}]},{"@type":"ImageObject","inLanguage":"ro-RO","@id":"https:\/\/dobraterapia-bochnia.pl\/jak-modnie-nosic-dlugie-spodnice-w-sezonie-wiosennym\/#primaryimage","url":"https:\/\/dobraterapia-bochnia.pl\/wp-content\/uploads\/image01d03184e68a449090305a97c4c1abdb.png","contentUrl":"https:\/\/dobraterapia-bochnia.pl\/wp-content\/uploads\/image01d03184e68a449090305a97c4c1abdb.png","width":1024,"height":768},{"@type":"BreadcrumbList","@id":"https:\/\/dobraterapia-bochnia.pl\/jak-modnie-nosic-dlugie-spodnice-w-sezonie-wiosennym\/#breadcrumb","itemListElement":[{"@type":"ListItem","position":1,"name":"Home","item":"https:\/\/dobraterapia-bochnia.pl\/"},{"@type":"ListItem","position":2,"name":"Jak modnie nosi\u0107 d\u0142ugie sp\u00f3dnice w sezonie wiosennym?"}]},{"@type":"WebSite","@id":"https:\/\/dobraterapia-bochnia.pl\/#website","url":"https:\/\/dobraterapia-bochnia.pl\/","name":"Ozdoby Poland","description":"Ozdoby do auta \u2013 styl i charakter twojego pojazdu!","potentialAction":[{"@type":"SearchAction","target":{"@type":"EntryPoint","urlTemplate":"https:\/\/dobraterapia-bochnia.pl\/?s={search_term_string}"},"query-input":"required name=search_term_string"}],"inLanguage":"ro-RO"},{"@type":"Person","@id":"https:\/\/dobraterapia-bochnia.pl\/#\/schema\/person\/723ee187e93036e7fa925b480f9437b9","name":"Jerzy Michalak","image":{"@type":"ImageObject","inLanguage":"ro-RO","@id":"https:\/\/dobraterapia-bochnia.pl\/#\/schema\/person\/image\/","url":"https:\/\/dobraterapia-bochnia.pl\/wp-content\/uploads\/jerzy-michalak_avatar-96x96.jpg","contentUrl":"https:\/\/dobraterapia-bochnia.pl\/wp-content\/uploads\/jerzy-michalak_avatar-96x96.jpg","caption":"Jerzy Michalak"},"url":"https:\/\/dobraterapia-bochnia.pl\/ro\/author\/jerzy-michalak\/"}]}},"yoast_meta":{"yoast_wpseo_title":"","yoast_wpseo_metadesc":"","yoast_wpseo_canonical":"https:\/\/dobraterapia-bochnia.pl\/ro\/wp-json\/wp\/v2\/posts\/431"},"_links":{"self":[{"href":"https:\/\/dobraterapia-bochnia.pl\/ro\/wp-json\/wp\/v2\/posts\/431"}],"collection":[{"href":"https:\/\/dobraterapia-bochnia.pl\/ro\/wp-json\/wp\/v2\/posts"}],"about":[{"href":"https:\/\/dobraterapia-bochnia.pl\/ro\/wp-json\/wp\/v2\/types\/post"}],"author":[{"embeddable":true,"href":"https:\/\/dobraterapia-bochnia.pl\/ro\/wp-json\/wp\/v2\/users\/1"}],"replies":[{"embeddable":true,"href":"https:\/\/dobraterapia-bochnia.pl\/ro\/wp-json\/wp\/v2\/comments?post=431"}],"version-history":[{"count":1,"href":"https:\/\/dobraterapia-bochnia.pl\/ro\/wp-json\/wp\/v2\/posts\/431\/revisions"}],"predecessor-version":[{"id":440,"href":"https:\/\/dobraterapia-bochnia.pl\/ro\/wp-json\/wp\/v2\/posts\/431\/revisions\/440"}],"wp:featuredmedia":[{"embeddable":true,"href":"https:\/\/dobraterapia-bochnia.pl\/ro\/wp-json\/wp\/v2\/media\/414"}],"wp:attachment":[{"href":"https:\/\/dobraterapia-bochnia.pl\/ro\/wp-json\/wp\/v2\/media?parent=431"}],"wp:term":[{"taxonomy":"category","embeddable":true,"href":"https:\/\/dobraterapia-bochnia.pl\/ro\/wp-json\/wp\/v2\/categories?post=431"},{"taxonomy":"post_tag","embeddable":true,"href":"https:\/\/dobraterapia-bochnia.pl\/ro\/wp-json\/wp\/v2\/tags?post=431"}],"curies":[{"name":"wp","href":"https:\/\/api.w.org\/{rel}","templated":true}]}}