{"id":434,"date":"2025-03-16T00:00:00","date_gmt":"2025-03-16T00:00:00","guid":{"rendered":"https:\/\/dobraterapia-bochnia.pl\/?p=434"},"modified":"2025-03-16T00:00:00","modified_gmt":"2025-03-16T00:00:00","slug":"przyklady-stylizacji-z-swetrem-w-serek-na-wielkie-wyjscia","status":"publish","type":"post","link":"https:\/\/dobraterapia-bochnia.pl\/ro\/przyklady-stylizacji-z-swetrem-w-serek-na-wielkie-wyjscia\/","title":{"rendered":"Przyk\u0142ady stylizacji z swetrem w serek na wielkie wyj\u015bcia"},"content":{"rendered":"<div class=\"kk-star-ratings kksr-auto kksr-align-left kksr-valign-top\"\n    data-payload='{&quot;align&quot;:&quot;left&quot;,&quot;id&quot;:&quot;434&quot;,&quot;slug&quot;:&quot;default&quot;,&quot;valign&quot;:&quot;top&quot;,&quot;ignore&quot;:&quot;&quot;,&quot;reference&quot;:&quot;auto&quot;,&quot;class&quot;:&quot;&quot;,&quot;count&quot;:&quot;0&quot;,&quot;legendonly&quot;:&quot;&quot;,&quot;readonly&quot;:&quot;&quot;,&quot;score&quot;:&quot;0&quot;,&quot;starsonly&quot;:&quot;&quot;,&quot;best&quot;:&quot;5&quot;,&quot;gap&quot;:&quot;5&quot;,&quot;greet&quot;:&quot;&quot;,&quot;legend&quot;:&quot;0\\\/5 - (0 votes)&quot;,&quot;size&quot;:&quot;24&quot;,&quot;title&quot;:&quot;Przyk\u0142ady stylizacji z swetrem w serek na wielkie wyj\u015bcia&quot;,&quot;width&quot;:&quot;0&quot;,&quot;_legend&quot;:&quot;{score}\\\/{best} - ({count} {votes})&quot;,&quot;font_factor&quot;:&quot;1.25&quot;}'>\n            \n<div class=\"kksr-stars\">\n    \n<div class=\"kksr-stars-inactive\">\n            <div class=\"kksr-star\" data-star=\"1\" style=\"padding-right: 5px\">\n            \n\n<div class=\"kksr-icon\" style=\"width: 24px; height: 24px;\"><\/div>\n        <\/div>\n            <div class=\"kksr-star\" data-star=\"2\" style=\"padding-right: 5px\">\n            \n\n<div class=\"kksr-icon\" style=\"width: 24px; height: 24px;\"><\/div>\n        <\/div>\n            <div class=\"kksr-star\" data-star=\"3\" style=\"padding-right: 5px\">\n            \n\n<div class=\"kksr-icon\" style=\"width: 24px; height: 24px;\"><\/div>\n        <\/div>\n            <div class=\"kksr-star\" data-star=\"4\" style=\"padding-right: 5px\">\n            \n\n<div class=\"kksr-icon\" style=\"width: 24px; height: 24px;\"><\/div>\n        <\/div>\n            <div class=\"kksr-star\" data-star=\"5\" style=\"padding-right: 5px\">\n            \n\n<div class=\"kksr-icon\" style=\"width: 24px; height: 24px;\"><\/div>\n        <\/div>\n    <\/div>\n    \n<div class=\"kksr-stars-active\" style=\"width: 0px;\">\n            <div class=\"kksr-star\" style=\"padding-right: 5px\">\n            \n\n<div class=\"kksr-icon\" style=\"width: 24px; height: 24px;\"><\/div>\n        <\/div>\n            <div class=\"kksr-star\" style=\"padding-right: 5px\">\n            \n\n<div class=\"kksr-icon\" style=\"width: 24px; height: 24px;\"><\/div>\n        <\/div>\n            <div class=\"kksr-star\" style=\"padding-right: 5px\">\n            \n\n<div class=\"kksr-icon\" style=\"width: 24px; height: 24px;\"><\/div>\n        <\/div>\n            <div class=\"kksr-star\" style=\"padding-right: 5px\">\n            \n\n<div class=\"kksr-icon\" style=\"width: 24px; height: 24px;\"><\/div>\n        <\/div>\n            <div class=\"kksr-star\" style=\"padding-right: 5px\">\n            \n\n<div class=\"kksr-icon\" style=\"width: 24px; height: 24px;\"><\/div>\n        <\/div>\n    <\/div>\n<\/div>\n                \n\n<div class=\"kksr-legend\" style=\"font-size: 19.2px;\">\n            <span class=\"kksr-muted\"><\/span>\n    <\/div>\n    <\/div>\n<p>Sweter w serek to prawdziwy must-have w ka\u017cdej garderobie, szczeg\u00f3lnie na wielkie wyj\u015bcia. Cz\u0119sto pomijany w zo\u0142dzie klasyki, ten element odzie\u017cowy zas\u0142uguje na wi\u0119cej uwagi. Jego elegancki kr\u00f3j idealnie podkre\u015bla sylwetk\u0119, a tak\u017ce dodaje szyku do wielu stylizacji. Po\u0142\u0105czenie funkcjonalno\u015bci z estetyk\u0105 sprawia, \u017ce sweter ten jest niezwykle uniwersalny. Co wi\u0119cej, jego r\u00f3\u017cnorodno\u015b\u0107 materia\u0142\u00f3w i kolor\u00f3w otwiera przed nami niemal niesko\u0144czone mo\u017cliwo\u015bci stylizacji. W tym artykule zaprezentujemy pomys\u0142y na wyj\u0105tkowe zestawienia, kt\u00f3re sprawi\u0105, \u017ce niejedna osoba zwr\u00f3ci na Ciebie uwag\u0119 podczas wyj\u0105tkowych okazji.<\/p>\n<h2>Dlaczego sweter w serek?<\/h2>\n<p><img decoding=\"async\" alt=\"Kobieta w bia\u0142ym swetrze z dekoltem w serek, nosz\u0105ca naszyjnik i trzymaj\u0105ca torebk\u0119 w stylowym wn\u0119trzu.\" src=\"https:\/\/dobraterapia-bochnia.pl\/wp-content\/uploads\/image2609319794d5458a8044c4331de18d62.png\"\/><\/p>\n<p>Sweter w serek cieszy si\u0119 du\u017c\u0105 popularno\u015bci\u0105 ze wzgl\u0119du na szereg zalet. Po pierwsze, dzi\u0119ki swojemu fasonowi, doskonale eksponuje dekolt oraz lini\u0119 szyi. To sprawia, \u017ce jest idealny zar\u00f3wno dla os\u00f3b o r\u00f3\u017cnych typach sylwetek, jak i dla tych, kt\u00f3re ceni\u0105 sobie komfort noszenia. Po drugie, mo\u017cna go \u0142\u0105czy\u0107 z praktycznie wszystkim \u2013 od eleganckich sp\u00f3dnic po klasyczne jeansy. Jego wszechstronno\u015b\u0107 zapewnia nie tylko r\u00f3\u017cnorodno\u015b\u0107 stylizacji, ale te\u017c mo\u017cliwo\u015b\u0107 noszenia przez ca\u0142y rok. Nawet w ch\u0142odniejsze dni mo\u017cna zestawi\u0107 go z p\u0142aszczem lub d\u0142ugim swetrem, co tworzy ciekawy, wielowarstwowy look.<\/p>\n<h2>Stylizacje na wielkie wyj\u015bcia z swetrem w serek<\/h2>\n<p><img decoding=\"async\" alt=\"M\u0142oda kobieta w szarym swetrze spaceruje po ulicy, otoczona lud\u017ami i restauracjami. S\u0142o\u0144ce \u015bwieci jasno.\" src=\"https:\/\/dobraterapia-bochnia.pl\/wp-content\/uploads\/image1bf9dcd64b6943e29a051a2559975664.png\"\/><\/p>\n<p>Sweter w serek doskonale sprawdzi si\u0119 w wielu stylizacjach, a oto niekt\u00f3re z nich:<\/p>\n<ul>\n<li><strong>Klasyka elegancji:<\/strong> Po\u0142\u0105czenie swetra w serek z eleganck\u0105 sp\u00f3dnic\u0105 midi i szpilkami tworzy absolutny hit na wielkie wyj\u015bcia.<\/li>\n<li><strong>Casual chic:<\/strong> Zestawienie swetra z dopasowanymi spodniami i botkami nadaje lekko\u015bci i swobody.<\/li>\n<li><strong>Z warstwami:<\/strong> Sweter na\u0142o\u017cony na koszul\u0119 z d\u0142ugim r\u0119kawem dodaje charakteru ka\u017cdej stylizacji.<\/li>\n<\/ul>\n<table border=\"1\">\n<tr>\n<th>Stylizacja<\/th>\n<th>Dodatki<\/th>\n<\/tr>\n<tr>\n<td>Elegancka sp\u00f3dnica<\/td>\n<td>Wysokie obcasy, kopert\u00f3wka<\/td>\n<\/tr>\n<tr>\n<td>Dopasowane spodnie<\/td>\n<td>Botki, torebka na rami\u0119<\/td>\n<\/tr>\n<tr>\n<td>Warstwowy look<\/td>\n<td>Minimalistyczna bi\u017cuteria, szalik<\/td>\n<\/tr>\n<\/table>\n<h2>Dob\u00f3r dodatk\u00f3w<\/h2>\n<p>Dodatki to kluczowy element ka\u017cdej stylizacji. Dobrze dobrane akcesoria potrafi\u0105 ca\u0142kowicie odmieni\u0107 charakter outfitu. W przypadku swetra w serek, warto skupi\u0107 si\u0119 na tych aspektach:<\/p>\n<ul>\n<li><strong>Bi\u017cuteria:<\/strong> Delikatne naszyjniki czy minimalistyczne kolczyki doskonale uzupe\u0142ni\u0105 stylizacj\u0119.<\/li>\n<li><strong>Torebki:<\/strong> Idealne b\u0119d\u0105 ma\u0142e kopert\u00f3wki, kt\u00f3re dodadz\u0105 elegancji.<\/li>\n<li><strong>Obuwie:<\/strong> Wysokie obcasy lub modne botki b\u0119d\u0105 \u015bwietnym dope\u0142nieniem ca\u0142o\u015bci.<\/li>\n<\/ul>\n<h2>Jak dba\u0107 o sweter w serek?<\/h2>\n<p>Aby Tw\u00f3j sweter w serek zachowa\u0142 swoje w\u0142a\u015bciwo\u015bci i by\u0142 d\u0142ugowieczny, warto przestrzega\u0107 kilku podstawowych zasad piel\u0119gnacji. Pranie w niskich temperaturach si\u0119ga si\u0119 jako standard, a tak\u017ce unikanie suszenia w suszarkach. Dobrze r\u00f3wnie\u017c przechowywa\u0107 sweter w odpowiednich warunkach, aby nie traci\u0142 formy. To dzi\u0119ki tym prostym zabiegom, mo\u017cna cieszy\u0107 si\u0119 jego urod\u0105 przez d\u0142ugi czas. Warto r\u00f3wnie\u017c regularnie wietrzy\u0107 sweter, je\u015bli cz\u0119sto go nosimy, co pozwoli zachowa\u0107 \u015bwie\u017co\u015b\u0107 materia\u0142u. Kluczem jest odpowiednia troska oraz konserwacja, co bez w\u0105tpienia doceni ka\u017cdy mi\u0142o\u015bnik elegancji.<\/p>\n<h2>Rezumat<\/h2>\n<p>Sweter w serek to wyj\u0105tkowy element, kt\u00f3ry mo\u017cna stylizowa\u0107 na wiele sposob\u00f3w. Dzi\u0119ki odpowiednim po\u0142\u0105czeniom z innymi elementami garderoby oraz dobrze dobranym dodatkom, mo\u017cna osi\u0105gn\u0105\u0107 niezwykle stylowy efekt. Pami\u0119taj o piel\u0119gnacji, aby cieszy\u0107 si\u0119 jego jako\u015bci\u0105 przez wiele sezon\u00f3w. To idealne rozwi\u0105zanie na wielkie wyj\u015bcia, kt\u00f3re z pewno\u015bci\u0105 wyr\u00f3\u017cni Ci\u0119 w t\u0142umie. Warto eksplorowa\u0107 r\u00f3\u017cnorodno\u015b\u0107 fason\u00f3w i kolor\u00f3w, aby dostosowa\u0107 sweter do swojego stylu. Niech stanie si\u0119 on niezast\u0105pionym elementem Twojej garderoby.<\/p>\n<h2>\u00centreb\u0103ri frecvente<\/h2>\n<ul>\n<li><strong>Jakie materia\u0142y najlepiej wybiera\u0107 na sweter w serek?<\/strong>\n<ul>\n<li>We\u0142na<\/li>\n<li>Cashmere<\/li>\n<li>Bawe\u0142na<\/li>\n<\/ul>\n<\/li>\n<li><strong>Czy sweter w serek pasuje do wszystkiego?<\/strong>\n<ul>\n<li>Tak, doskonale komponuje si\u0119 z eleganckimi sp\u00f3dnicami, spodniami oraz szortami.<\/li>\n<\/ul>\n<\/li>\n<li><strong>Jakie kolory swetra w serek s\u0105 najmodniejsze?<\/strong>\n<ul>\n<li>Klasyczne odcienie, takie jak czarny, szary oraz pastelowe kolory na wiosn\u0119.<\/li>\n<\/ul>\n<\/li>\n<li><strong>Jakie akcesoria najlepiej pasuj\u0105 do swetra w serek?<\/strong>\n<ul>\n<li>Subtelna bi\u017cuteria, eleganckie torebki oraz buty na obcasie s\u0105 idealnym dope\u0142nieniem stylizacji.<\/li>\n<\/ul>\n<\/li>\n<li><strong>Gdzie mo\u017cna nosi\u0107 sweter w serek?<\/strong>\n<ul>\n<li>Na wesela, przyj\u0119cia, a tak\u017ce mniej formalne wydarzenia, takie jak kolacje czy spotkania towarzyskie.<\/li>\n<\/ul>\n<\/li>\n<\/ul>","protected":false},"excerpt":{"rendered":"<p>Sweter w serek to prawdziwy must-have w ka\u017cdej garderobie, szczeg\u00f3lnie na wielkie wyj\u015bcia. Cz\u0119sto pomijany w zo\u0142dzie klasyki, ten element&hellip;<\/p>","protected":false},"author":1,"featured_media":413,"comment_status":"closed","ping_status":"closed","sticky":false,"template":"","format":"standard","meta":{"_acf_changed":false,"footnotes":""},"categories":[1],"tags":[],"class_list":["post-434","post","type-post","status-publish","format-standard","has-post-thumbnail","hentry","category-akcesoria-samochodowe"],"acf":[],"yoast_head":"<!-- This site is optimized with the Yoast SEO plugin v23.2 - https:\/\/yoast.com\/wordpress\/plugins\/seo\/ -->\n<title>Przyk\u0142ady stylizacji z swetrem w serek na wielkie wyj\u015bcia \u2013 elegancja na ka\u017cd\u0105 okazj\u0119<\/title>\n<meta name=\"description\" content=\"Odkryj wyj\u0105tkowe stylizacje z swetrem w serek na wielkie wyj\u015bcia. Poznaj trendy, dodatki i porady, kt\u00f3re wyr\u00f3\u017cni\u0105 Tw\u00f3j look!\" \/>\n<meta name=\"robots\" content=\"index, follow, max-snippet:-1, max-image-preview:large, max-video-preview:-1\" \/>\n<link rel=\"canonical\" href=\"https:\/\/dobraterapia-bochnia.pl\/ro\/przyklady-stylizacji-z-swetrem-w-serek-na-wielkie-wyjscia\/\" \/>\n<meta property=\"og:locale\" content=\"ro_RO\" \/>\n<meta property=\"og:type\" content=\"article\" \/>\n<meta property=\"og:title\" content=\"Przyk\u0142ady stylizacji z swetrem w serek na wielkie wyj\u015bcia \u2013 elegancja na ka\u017cd\u0105 okazj\u0119\" \/>\n<meta property=\"og:description\" content=\"Odkryj wyj\u0105tkowe stylizacje z swetrem w serek na wielkie wyj\u015bcia. Poznaj trendy, dodatki i porady, kt\u00f3re wyr\u00f3\u017cni\u0105 Tw\u00f3j look!\" \/>\n<meta property=\"og:url\" content=\"https:\/\/dobraterapia-bochnia.pl\/ro\/przyklady-stylizacji-z-swetrem-w-serek-na-wielkie-wyjscia\/\" \/>\n<meta property=\"og:site_name\" content=\"Ozdoby Poland\" \/>\n<meta property=\"article:published_time\" content=\"2025-03-16T00:00:00+00:00\" \/>\n<meta property=\"og:image\" content=\"https:\/\/dobraterapia-bochnia.pl\/wp-content\/uploads\/image453ed89364ec4f70975185cdb5174c4a.png\" \/>\n\t<meta property=\"og:image:width\" content=\"1024\" \/>\n\t<meta property=\"og:image:height\" content=\"768\" \/>\n\t<meta property=\"og:image:type\" content=\"image\/png\" \/>\n<meta name=\"author\" content=\"Jerzy Michalak\" \/>\n<meta name=\"twitter:card\" content=\"summary_large_image\" \/>\n<meta name=\"twitter:label1\" content=\"Scris de\" \/>\n\t<meta name=\"twitter:data1\" content=\"Jerzy Michalak\" \/>\n\t<meta name=\"twitter:label2\" content=\"Timp estimat pentru citire\" \/>\n\t<meta name=\"twitter:data2\" content=\"3 minute\" \/>\n<script type=\"application\/ld+json\" class=\"yoast-schema-graph\">{\"@context\":\"https:\/\/schema.org\",\"@graph\":[{\"@type\":\"WebPage\",\"@id\":\"https:\/\/dobraterapia-bochnia.pl\/przyklady-stylizacji-z-swetrem-w-serek-na-wielkie-wyjscia\/\",\"url\":\"https:\/\/dobraterapia-bochnia.pl\/przyklady-stylizacji-z-swetrem-w-serek-na-wielkie-wyjscia\/\",\"name\":\"Przyk\u0142ady stylizacji z swetrem w serek na wielkie wyj\u015bcia \u2013 elegancja na ka\u017cd\u0105 okazj\u0119\",\"isPartOf\":{\"@id\":\"https:\/\/dobraterapia-bochnia.pl\/#website\"},\"primaryImageOfPage\":{\"@id\":\"https:\/\/dobraterapia-bochnia.pl\/przyklady-stylizacji-z-swetrem-w-serek-na-wielkie-wyjscia\/#primaryimage\"},\"image\":{\"@id\":\"https:\/\/dobraterapia-bochnia.pl\/przyklady-stylizacji-z-swetrem-w-serek-na-wielkie-wyjscia\/#primaryimage\"},\"thumbnailUrl\":\"https:\/\/dobraterapia-bochnia.pl\/wp-content\/uploads\/image453ed89364ec4f70975185cdb5174c4a.png\",\"datePublished\":\"2025-03-16T00:00:00+00:00\",\"dateModified\":\"2025-03-16T00:00:00+00:00\",\"author\":{\"@id\":\"https:\/\/dobraterapia-bochnia.pl\/#\/schema\/person\/723ee187e93036e7fa925b480f9437b9\"},\"description\":\"Odkryj wyj\u0105tkowe stylizacje z swetrem w serek na wielkie wyj\u015bcia. Poznaj trendy, dodatki i porady, kt\u00f3re wyr\u00f3\u017cni\u0105 Tw\u00f3j look!\",\"breadcrumb\":{\"@id\":\"https:\/\/dobraterapia-bochnia.pl\/przyklady-stylizacji-z-swetrem-w-serek-na-wielkie-wyjscia\/#breadcrumb\"},\"inLanguage\":\"ro-RO\",\"potentialAction\":[{\"@type\":\"ReadAction\",\"target\":[\"https:\/\/dobraterapia-bochnia.pl\/przyklady-stylizacji-z-swetrem-w-serek-na-wielkie-wyjscia\/\"]}]},{\"@type\":\"ImageObject\",\"inLanguage\":\"ro-RO\",\"@id\":\"https:\/\/dobraterapia-bochnia.pl\/przyklady-stylizacji-z-swetrem-w-serek-na-wielkie-wyjscia\/#primaryimage\",\"url\":\"https:\/\/dobraterapia-bochnia.pl\/wp-content\/uploads\/image453ed89364ec4f70975185cdb5174c4a.png\",\"contentUrl\":\"https:\/\/dobraterapia-bochnia.pl\/wp-content\/uploads\/image453ed89364ec4f70975185cdb5174c4a.png\",\"width\":1024,\"height\":768},{\"@type\":\"BreadcrumbList\",\"@id\":\"https:\/\/dobraterapia-bochnia.pl\/przyklady-stylizacji-z-swetrem-w-serek-na-wielkie-wyjscia\/#breadcrumb\",\"itemListElement\":[{\"@type\":\"ListItem\",\"position\":1,\"name\":\"Home\",\"item\":\"https:\/\/dobraterapia-bochnia.pl\/\"},{\"@type\":\"ListItem\",\"position\":2,\"name\":\"Przyk\u0142ady stylizacji z swetrem w serek na wielkie wyj\u015bcia\"}]},{\"@type\":\"WebSite\",\"@id\":\"https:\/\/dobraterapia-bochnia.pl\/#website\",\"url\":\"https:\/\/dobraterapia-bochnia.pl\/\",\"name\":\"Ozdoby Poland\",\"description\":\"Ozdoby do auta \u2013 styl i charakter twojego pojazdu!\",\"potentialAction\":[{\"@type\":\"SearchAction\",\"target\":{\"@type\":\"EntryPoint\",\"urlTemplate\":\"https:\/\/dobraterapia-bochnia.pl\/?s={search_term_string}\"},\"query-input\":\"required name=search_term_string\"}],\"inLanguage\":\"ro-RO\"},{\"@type\":\"Person\",\"@id\":\"https:\/\/dobraterapia-bochnia.pl\/#\/schema\/person\/723ee187e93036e7fa925b480f9437b9\",\"name\":\"Jerzy Michalak\",\"image\":{\"@type\":\"ImageObject\",\"inLanguage\":\"ro-RO\",\"@id\":\"https:\/\/dobraterapia-bochnia.pl\/#\/schema\/person\/image\/\",\"url\":\"https:\/\/dobraterapia-bochnia.pl\/wp-content\/uploads\/jerzy-michalak_avatar-96x96.jpg\",\"contentUrl\":\"https:\/\/dobraterapia-bochnia.pl\/wp-content\/uploads\/jerzy-michalak_avatar-96x96.jpg\",\"caption\":\"Jerzy Michalak\"},\"url\":\"https:\/\/dobraterapia-bochnia.pl\/ro\/author\/jerzy-michalak\/\"}]}<\/script>\n<!-- \/ Yoast SEO plugin. -->","yoast_head_json":{"title":"Przyk\u0142ady stylizacji z swetrem w serek na wielkie wyj\u015bcia \u2013 elegancja na ka\u017cd\u0105 okazj\u0119","description":"Odkryj wyj\u0105tkowe stylizacje z swetrem w serek na wielkie wyj\u015bcia. Poznaj trendy, dodatki i porady, kt\u00f3re wyr\u00f3\u017cni\u0105 Tw\u00f3j look!","robots":{"index":"index","follow":"follow","max-snippet":"max-snippet:-1","max-image-preview":"max-image-preview:large","max-video-preview":"max-video-preview:-1"},"canonical":"https:\/\/dobraterapia-bochnia.pl\/ro\/przyklady-stylizacji-z-swetrem-w-serek-na-wielkie-wyjscia\/","og_locale":"ro_RO","og_type":"article","og_title":"Przyk\u0142ady stylizacji z swetrem w serek na wielkie wyj\u015bcia \u2013 elegancja na ka\u017cd\u0105 okazj\u0119","og_description":"Odkryj wyj\u0105tkowe stylizacje z swetrem w serek na wielkie wyj\u015bcia. Poznaj trendy, dodatki i porady, kt\u00f3re wyr\u00f3\u017cni\u0105 Tw\u00f3j look!","og_url":"https:\/\/dobraterapia-bochnia.pl\/ro\/przyklady-stylizacji-z-swetrem-w-serek-na-wielkie-wyjscia\/","og_site_name":"Ozdoby Poland","article_published_time":"2025-03-16T00:00:00+00:00","og_image":[{"width":1024,"height":768,"url":"https:\/\/dobraterapia-bochnia.pl\/wp-content\/uploads\/image453ed89364ec4f70975185cdb5174c4a.png","type":"image\/png"}],"author":"Jerzy Michalak","twitter_card":"summary_large_image","twitter_misc":{"Scris de":"Jerzy Michalak","Timp estimat pentru citire":"3 minute"},"schema":{"@context":"https:\/\/schema.org","@graph":[{"@type":"WebPage","@id":"https:\/\/dobraterapia-bochnia.pl\/przyklady-stylizacji-z-swetrem-w-serek-na-wielkie-wyjscia\/","url":"https:\/\/dobraterapia-bochnia.pl\/przyklady-stylizacji-z-swetrem-w-serek-na-wielkie-wyjscia\/","name":"Przyk\u0142ady stylizacji z swetrem w serek na wielkie wyj\u015bcia \u2013 elegancja na ka\u017cd\u0105 okazj\u0119","isPartOf":{"@id":"https:\/\/dobraterapia-bochnia.pl\/#website"},"primaryImageOfPage":{"@id":"https:\/\/dobraterapia-bochnia.pl\/przyklady-stylizacji-z-swetrem-w-serek-na-wielkie-wyjscia\/#primaryimage"},"image":{"@id":"https:\/\/dobraterapia-bochnia.pl\/przyklady-stylizacji-z-swetrem-w-serek-na-wielkie-wyjscia\/#primaryimage"},"thumbnailUrl":"https:\/\/dobraterapia-bochnia.pl\/wp-content\/uploads\/image453ed89364ec4f70975185cdb5174c4a.png","datePublished":"2025-03-16T00:00:00+00:00","dateModified":"2025-03-16T00:00:00+00:00","author":{"@id":"https:\/\/dobraterapia-bochnia.pl\/#\/schema\/person\/723ee187e93036e7fa925b480f9437b9"},"description":"Odkryj wyj\u0105tkowe stylizacje z swetrem w serek na wielkie wyj\u015bcia. Poznaj trendy, dodatki i porady, kt\u00f3re wyr\u00f3\u017cni\u0105 Tw\u00f3j look!","breadcrumb":{"@id":"https:\/\/dobraterapia-bochnia.pl\/przyklady-stylizacji-z-swetrem-w-serek-na-wielkie-wyjscia\/#breadcrumb"},"inLanguage":"ro-RO","potentialAction":[{"@type":"ReadAction","target":["https:\/\/dobraterapia-bochnia.pl\/przyklady-stylizacji-z-swetrem-w-serek-na-wielkie-wyjscia\/"]}]},{"@type":"ImageObject","inLanguage":"ro-RO","@id":"https:\/\/dobraterapia-bochnia.pl\/przyklady-stylizacji-z-swetrem-w-serek-na-wielkie-wyjscia\/#primaryimage","url":"https:\/\/dobraterapia-bochnia.pl\/wp-content\/uploads\/image453ed89364ec4f70975185cdb5174c4a.png","contentUrl":"https:\/\/dobraterapia-bochnia.pl\/wp-content\/uploads\/image453ed89364ec4f70975185cdb5174c4a.png","width":1024,"height":768},{"@type":"BreadcrumbList","@id":"https:\/\/dobraterapia-bochnia.pl\/przyklady-stylizacji-z-swetrem-w-serek-na-wielkie-wyjscia\/#breadcrumb","itemListElement":[{"@type":"ListItem","position":1,"name":"Home","item":"https:\/\/dobraterapia-bochnia.pl\/"},{"@type":"ListItem","position":2,"name":"Przyk\u0142ady stylizacji z swetrem w serek na wielkie wyj\u015bcia"}]},{"@type":"WebSite","@id":"https:\/\/dobraterapia-bochnia.pl\/#website","url":"https:\/\/dobraterapia-bochnia.pl\/","name":"Ozdoby Poland","description":"Ozdoby do auta \u2013 styl i charakter twojego pojazdu!","potentialAction":[{"@type":"SearchAction","target":{"@type":"EntryPoint","urlTemplate":"https:\/\/dobraterapia-bochnia.pl\/?s={search_term_string}"},"query-input":"required name=search_term_string"}],"inLanguage":"ro-RO"},{"@type":"Person","@id":"https:\/\/dobraterapia-bochnia.pl\/#\/schema\/person\/723ee187e93036e7fa925b480f9437b9","name":"Jerzy Michalak","image":{"@type":"ImageObject","inLanguage":"ro-RO","@id":"https:\/\/dobraterapia-bochnia.pl\/#\/schema\/person\/image\/","url":"https:\/\/dobraterapia-bochnia.pl\/wp-content\/uploads\/jerzy-michalak_avatar-96x96.jpg","contentUrl":"https:\/\/dobraterapia-bochnia.pl\/wp-content\/uploads\/jerzy-michalak_avatar-96x96.jpg","caption":"Jerzy Michalak"},"url":"https:\/\/dobraterapia-bochnia.pl\/ro\/author\/jerzy-michalak\/"}]}},"yoast_meta":{"yoast_wpseo_title":"","yoast_wpseo_metadesc":"","yoast_wpseo_canonical":"https:\/\/dobraterapia-bochnia.pl\/ro\/wp-json\/wp\/v2\/posts\/434"},"_links":{"self":[{"href":"https:\/\/dobraterapia-bochnia.pl\/ro\/wp-json\/wp\/v2\/posts\/434"}],"collection":[{"href":"https:\/\/dobraterapia-bochnia.pl\/ro\/wp-json\/wp\/v2\/posts"}],"about":[{"href":"https:\/\/dobraterapia-bochnia.pl\/ro\/wp-json\/wp\/v2\/types\/post"}],"author":[{"embeddable":true,"href":"https:\/\/dobraterapia-bochnia.pl\/ro\/wp-json\/wp\/v2\/users\/1"}],"replies":[{"embeddable":true,"href":"https:\/\/dobraterapia-bochnia.pl\/ro\/wp-json\/wp\/v2\/comments?post=434"}],"version-history":[{"count":1,"href":"https:\/\/dobraterapia-bochnia.pl\/ro\/wp-json\/wp\/v2\/posts\/434\/revisions"}],"predecessor-version":[{"id":441,"href":"https:\/\/dobraterapia-bochnia.pl\/ro\/wp-json\/wp\/v2\/posts\/434\/revisions\/441"}],"wp:featuredmedia":[{"embeddable":true,"href":"https:\/\/dobraterapia-bochnia.pl\/ro\/wp-json\/wp\/v2\/media\/413"}],"wp:attachment":[{"href":"https:\/\/dobraterapia-bochnia.pl\/ro\/wp-json\/wp\/v2\/media?parent=434"}],"wp:term":[{"taxonomy":"category","embeddable":true,"href":"https:\/\/dobraterapia-bochnia.pl\/ro\/wp-json\/wp\/v2\/categories?post=434"},{"taxonomy":"post_tag","embeddable":true,"href":"https:\/\/dobraterapia-bochnia.pl\/ro\/wp-json\/wp\/v2\/tags?post=434"}],"curies":[{"name":"wp","href":"https:\/\/api.w.org\/{rel}","templated":true}]}}