{"id":435,"date":"2025-03-14T00:00:00","date_gmt":"2025-03-14T00:00:00","guid":{"rendered":"https:\/\/dobraterapia-bochnia.pl\/?p=435"},"modified":"2025-03-14T00:00:00","modified_gmt":"2025-03-14T00:00:00","slug":"stylizacje-z-dlugim-plaszczem-na-jakie-wydarzenia","status":"publish","type":"post","link":"https:\/\/dobraterapia-bochnia.pl\/ro\/stylizacje-z-dlugim-plaszczem-na-jakie-wydarzenia\/","title":{"rendered":"Stylizacje z d\u0142ugim p\u0142aszczem &#8211; na jakie wydarzenia?"},"content":{"rendered":"<div class=\"kk-star-ratings kksr-auto kksr-align-left kksr-valign-top\"\n    data-payload='{&quot;align&quot;:&quot;left&quot;,&quot;id&quot;:&quot;435&quot;,&quot;slug&quot;:&quot;default&quot;,&quot;valign&quot;:&quot;top&quot;,&quot;ignore&quot;:&quot;&quot;,&quot;reference&quot;:&quot;auto&quot;,&quot;class&quot;:&quot;&quot;,&quot;count&quot;:&quot;0&quot;,&quot;legendonly&quot;:&quot;&quot;,&quot;readonly&quot;:&quot;&quot;,&quot;score&quot;:&quot;0&quot;,&quot;starsonly&quot;:&quot;&quot;,&quot;best&quot;:&quot;5&quot;,&quot;gap&quot;:&quot;5&quot;,&quot;greet&quot;:&quot;&quot;,&quot;legend&quot;:&quot;0\\\/5 - (0 votes)&quot;,&quot;size&quot;:&quot;24&quot;,&quot;title&quot;:&quot;Stylizacje z d\u0142ugim p\u0142aszczem - na jakie wydarzenia?&quot;,&quot;width&quot;:&quot;0&quot;,&quot;_legend&quot;:&quot;{score}\\\/{best} - ({count} {votes})&quot;,&quot;font_factor&quot;:&quot;1.25&quot;}'>\n            \n<div class=\"kksr-stars\">\n    \n<div class=\"kksr-stars-inactive\">\n            <div class=\"kksr-star\" data-star=\"1\" style=\"padding-right: 5px\">\n            \n\n<div class=\"kksr-icon\" style=\"width: 24px; height: 24px;\"><\/div>\n        <\/div>\n            <div class=\"kksr-star\" data-star=\"2\" style=\"padding-right: 5px\">\n            \n\n<div class=\"kksr-icon\" style=\"width: 24px; height: 24px;\"><\/div>\n        <\/div>\n            <div class=\"kksr-star\" data-star=\"3\" style=\"padding-right: 5px\">\n            \n\n<div class=\"kksr-icon\" style=\"width: 24px; height: 24px;\"><\/div>\n        <\/div>\n            <div class=\"kksr-star\" data-star=\"4\" style=\"padding-right: 5px\">\n            \n\n<div class=\"kksr-icon\" style=\"width: 24px; height: 24px;\"><\/div>\n        <\/div>\n            <div class=\"kksr-star\" data-star=\"5\" style=\"padding-right: 5px\">\n            \n\n<div class=\"kksr-icon\" style=\"width: 24px; height: 24px;\"><\/div>\n        <\/div>\n    <\/div>\n    \n<div class=\"kksr-stars-active\" style=\"width: 0px;\">\n            <div class=\"kksr-star\" style=\"padding-right: 5px\">\n            \n\n<div class=\"kksr-icon\" style=\"width: 24px; height: 24px;\"><\/div>\n        <\/div>\n            <div class=\"kksr-star\" style=\"padding-right: 5px\">\n            \n\n<div class=\"kksr-icon\" style=\"width: 24px; height: 24px;\"><\/div>\n        <\/div>\n            <div class=\"kksr-star\" style=\"padding-right: 5px\">\n            \n\n<div class=\"kksr-icon\" style=\"width: 24px; height: 24px;\"><\/div>\n        <\/div>\n            <div class=\"kksr-star\" style=\"padding-right: 5px\">\n            \n\n<div class=\"kksr-icon\" style=\"width: 24px; height: 24px;\"><\/div>\n        <\/div>\n            <div class=\"kksr-star\" style=\"padding-right: 5px\">\n            \n\n<div class=\"kksr-icon\" style=\"width: 24px; height: 24px;\"><\/div>\n        <\/div>\n    <\/div>\n<\/div>\n                \n\n<div class=\"kksr-legend\" style=\"font-size: 19.2px;\">\n            <span class=\"kksr-muted\"><\/span>\n    <\/div>\n    <\/div>\n<p>D\u0142ugi p\u0142aszcz to nie tylko modny element, ale i hit wszech czas\u00f3w w kobiecej garderobie. Stanowi idealn\u0105 baz\u0119 do tworzenia r\u00f3\u017cnorodnych stylizacji, od eleganckich po casualowe, dzi\u0119ki czemu sprawdzi si\u0119 w wielu sytuacjach. Niezale\u017cnie od okazji, d\u0142ugi p\u0142aszcz zawsze dodaje szyku oraz elegancji, a jego uniwersalno\u015b\u0107 przyci\u0105ga zwolenniczki mody z ca\u0142ego \u015bwiata. Odpowiedni fason i kolor d\u0142ugiego p\u0142aszcza pozwalaj\u0105 na zabaw\u0119 mod\u0105 i dostosowanie si\u0119 do p\u00f3r roku oraz aktualnych trend\u00f3w. W tym artykule przyjrzymy si\u0119, jak skutecznie stylizowa\u0107 d\u0142ugi p\u0142aszcz na r\u00f3\u017cne wydarzenia, tak aby prezentowa\u0107 si\u0119 zjawiskowo i czu\u0107 si\u0119 komfortowo. W\u0142a\u015bciwie dobrany p\u0142aszcz mo\u017ce by\u0107 kluczem do udanej stylizacji! <\/p>\n<h2>Rodzaje d\u0142ugich p\u0142aszczy<\/h2>\n<p><img decoding=\"async\" alt=\"Siedem kobiet w p\u0142aszczach na kocach w parku, otoczonych kolorowymi drzewami w jesiennej scenerii.\" src=\"https:\/\/dobraterapia-bochnia.pl\/wp-content\/uploads\/image072434a8906141f29eb8f56bf8b382a7.png\"\/><\/p>\n<p>D\u0142ugie p\u0142aszcze to niezwykle r\u00f3\u017cnorodne elementy garderoby, dost\u0119pne w przer\u00f3\u017cnych fasonach oraz materia\u0142ach. Dzi\u0119ki temu, ka\u017cda kobieta znajdzie co\u015b, co odpowiada jej stylowi oraz potrzebom. Oto kilka najpopularniejszych rodzaj\u00f3w d\u0142ugich p\u0142aszczy, kt\u00f3re warto rozwa\u017cy\u0107:<\/p>\n<ul>\n<li>P\u0142aszcze klasyczne \u2013 idealne na formalne okazje.<\/li>\n<li>P\u0142aszcze casualowe \u2013 \u015bwietne na codzienne wyj\u015bcia.<\/li>\n<li>P\u0142aszcze oversize \u2013 modne i wygodne.<\/li>\n<li>P\u0142aszcze trench \u2013 uniwersalne z charakterystycznym krojem.<\/li>\n<\/ul>\n<h2>Stylizacje na formalne wydarzenia<\/h2>\n<p><img decoding=\"async\" alt=\"M\u0119\u017cczyzna w be\u017cowym p\u0142aszczu stoi na miejskiej ulicy, z nowoczesnymi budynkami w tle.\" src=\"https:\/\/dobraterapia-bochnia.pl\/wp-content\/uploads\/image37c9afbafb3b436186edca4e3cac9860.png\"\/><\/p>\n<p>D\u0142ugi p\u0142aszcz doskonale komponuje si\u0119 z eleganck\u0105 odzie\u017c\u0105, tworz\u0105c niepowtarzalne zestawienia. Na takich wydarzeniach, jak wesela czy bankiety, warto postawi\u0107 na p\u0142aszcz w klasycznym kolorze oraz stylowym fasonie. P\u0142aszcze te cz\u0119sto s\u0105 wykonane z wysokiej jako\u015bci materia\u0142\u00f3w, co sprawia, \u017ce nie tylko dobrze si\u0119 prezentuj\u0105, ale i s\u0105 wygodne w noszeniu. To w\u0142a\u015bnie te detale sprawiaj\u0105, \u017ce staj\u0105 si\u0119 one ulubionym elementem eleganckiej garderoby. Dobieraj\u0105c dodatki, warto postawi\u0107 na wyszukane akcesoria, kt\u00f3re podkre\u015bl\u0105 temat stylizacji. Przyk\u0142adowe dodatki, kt\u00f3re \u015bwietnie wsp\u00f3\u0142graj\u0105 z d\u0142ugim p\u0142aszczem na formalne wydarzenia, to:<\/p>\n<ul>\n<li>Eleganckie szpilki.<\/li>\n<li>Kopert\u00f3wki w stonowanych kolorach.<\/li>\n<li>Bizuteria minimalistyczna, podkre\u015blaj\u0105ca subtelno\u015b\u0107 stylizacji.<\/li>\n<\/ul>\n<p>Na wesele warto wybra\u0107 p\u0142aszcz, kt\u00f3ry nie tylko b\u0119dzie elegancki, ale i wpisze si\u0119 w kolorystyk\u0119 uroczysto\u015bci. Klasyczny czarny lub granatowy p\u0142aszcz to bezpieczny wyb\u00f3r, ale pastelowe kolory r\u00f3wnie\u017c ciesz\u0105 si\u0119 du\u017cym zainteresowaniem w sezonie weselnym. Mo\u017cna r\u00f3wnie\u017c zainwestowa\u0107 w p\u0142aszcz zdobiony ciekawym detalem, jak koronkowe wstawki czy subtelne hafty. Na pewno warto postawi\u0107 na pasek w talii, kt\u00f3ry podkre\u015bli kobiec\u0105 sylwetk\u0119. Aby dobrze dobra\u0107 p\u0142aszcz, warto zwr\u00f3ci\u0107 uwag\u0119 na d\u0142ugo\u015b\u0107 i fason sukienki, kt\u00f3r\u0105 planujemy za\u0142o\u017cy\u0107. W\u0142a\u015bciwie skomponowana stylizacja b\u0119dzie emanowa\u0107 elegancj\u0105 i klas\u0105.<\/p>\n<table border=\"1\">\n<tr>\n<th>Typ wydarzenia<\/th>\n<th>Odpowiedni p\u0142aszcz<\/th>\n<th>Dodatki<\/th>\n<\/tr>\n<tr>\n<td>Wesele<\/td>\n<td>Klasyczny p\u0142aszcz w pastelowym kolorze<\/td>\n<td>Eleganckie szpilki, bi\u017cuteria<\/td>\n<\/tr>\n<tr>\n<td>Bankiet<\/td>\n<td>Minimalistyczny p\u0142aszcz z wysokiej jako\u015bci materia\u0142\u00f3w<\/td>\n<td>Kopert\u00f3wka, bransoletka<\/td>\n<\/tr>\n<tr>\n<td>Gala<\/td>\n<td>P\u0142aszcz w odwa\u017cnym kolorze ze zdobieniami<\/td>\n<td>Modne buty, du\u017ca bi\u017cuteria<\/td>\n<\/tr>\n<\/table>\n<h2>Stylizacje na mniej formalne wydarzenia<\/h2>\n<p>D\u0142ugi p\u0142aszcz doskonale sprawdzi si\u0119 r\u00f3wnie\u017c na mniej formalnych wydarzeniach, takich jak spotkania ze znajomymi czy weekendowe wyjazdy. Wybieraj\u0105c p\u0142aszcz w jasnych kolorach i ciekawe wzory, mo\u017cna stworzy\u0107 swobodne, a zarazem eleganckie zaaranzowanie. Mo\u017cliwo\u015b\u0107 \u0142\u0105czenia go z r\u00f3\u017cnorodnymi elementami sprawia, \u017ce ka\u017cda stylizacja nabierze charakteru. Warto r\u00f3wnie\u017c pami\u0119ta\u0107 o dobrych materia\u0142ach, kt\u00f3re zapewni\u0105 komfort noszenia przez d\u0142u\u017cszy czas. Dodatki odgrywaj\u0105 tutaj kluczow\u0105 rol\u0119, a co za tym idzie, dobrze dobrane akcesoria mog\u0105 dope\u0142ni\u0107 ca\u0142okszta\u0142t zestawienia. Do mniej formalnych stylizacji doskonale pasowa\u0107 b\u0119d\u0105:<\/p>\n<ul>\n<li>Sportowe buty lub botki.<\/li>\n<li>Wygodne torebki w stylu backpack.<\/li>\n<li>Lekkie apaszki lub szaliki dodaj\u0105ce koloru.<\/li>\n<\/ul>\n<h2>\u00centreb\u0103ri frecvente<\/h2>\n<ul>\n<li><strong>Na jakie formalne okazje warto za\u0142o\u017cy\u0107 d\u0142ugi p\u0142aszcz?<\/strong> D\u0142ugi p\u0142aszcz sprawdzi si\u0119 na weselach, bankietach oraz innych eleganckich wydarzeniach.<\/li>\n<li><strong>Jakie materia\u0142y s\u0105 najlepsze na d\u0142ugie p\u0142aszcze?<\/strong> Najlepsze materia\u0142y to we\u0142na, kaszmir, a tak\u017ce lekkie tkaniny na wiosn\u0119 i lato.<\/li>\n<li><strong>Czy d\u0142ugi p\u0142aszcz pasuje do sportowego stylu?<\/strong> Tak, d\u0142ugi p\u0142aszcz mo\u017cna \u0142\u0105czy\u0107 z d\u017cinsami, sportowymi butami oraz t-shirtami, tworz\u0105c stylizacje casualowe.<\/li>\n<li><strong>Jakie buty najlepiej pasuj\u0105 do d\u0142ugiego p\u0142aszcza?<\/strong> Wyb\u00f3r obuwia zale\u017cy od okazji \u2013 eleganckie szpilki do formalnych stroj\u00f3w, a sneakersy lub botki do casualowych.<\/li>\n<li><strong>Jakie dodatki mo\u017cna nosi\u0107 z d\u0142ugim p\u0142aszczem?<\/strong> Idealnie sprawdz\u0105 si\u0119 szaliki, torebki i bi\u017cuteria, kt\u00f3re podkre\u015bl\u0105 stylizacj\u0119.<\/li>\n<\/ul>","protected":false},"excerpt":{"rendered":"<p>D\u0142ugi p\u0142aszcz to nie tylko modny element, ale i hit wszech czas\u00f3w w kobiecej garderobie. Stanowi idealn\u0105 baz\u0119 do tworzenia&hellip;<\/p>","protected":false},"author":1,"featured_media":419,"comment_status":"closed","ping_status":"closed","sticky":false,"template":"","format":"standard","meta":{"_acf_changed":false,"footnotes":""},"categories":[1],"tags":[],"class_list":["post-435","post","type-post","status-publish","format-standard","has-post-thumbnail","hentry","category-akcesoria-samochodowe"],"acf":[],"yoast_head":"<!-- This site is optimized with the Yoast SEO plugin v23.2 - https:\/\/yoast.com\/wordpress\/plugins\/seo\/ -->\n<title>Stylizacje z d\u0142ugim p\u0142aszczem - jak je tworzy\u0107 na r\u00f3\u017cne wydarzenia?<\/title>\n<meta name=\"description\" content=\"Odkryj, jak stylizowa\u0107 d\u0142ugi p\u0142aszcz na r\u00f3\u017cne okazje - od eleganckich gal po casualowe spotkania ze znajomymi.\" \/>\n<meta name=\"robots\" content=\"index, follow, max-snippet:-1, max-image-preview:large, max-video-preview:-1\" \/>\n<link rel=\"canonical\" href=\"https:\/\/dobraterapia-bochnia.pl\/ro\/stylizacje-z-dlugim-plaszczem-na-jakie-wydarzenia\/\" \/>\n<meta property=\"og:locale\" content=\"ro_RO\" \/>\n<meta property=\"og:type\" content=\"article\" \/>\n<meta property=\"og:title\" content=\"Stylizacje z d\u0142ugim p\u0142aszczem - jak je tworzy\u0107 na r\u00f3\u017cne wydarzenia?\" \/>\n<meta property=\"og:description\" content=\"Odkryj, jak stylizowa\u0107 d\u0142ugi p\u0142aszcz na r\u00f3\u017cne okazje - od eleganckich gal po casualowe spotkania ze znajomymi.\" \/>\n<meta property=\"og:url\" content=\"https:\/\/dobraterapia-bochnia.pl\/ro\/stylizacje-z-dlugim-plaszczem-na-jakie-wydarzenia\/\" \/>\n<meta property=\"og:site_name\" content=\"Ozdoby Poland\" \/>\n<meta property=\"article:published_time\" content=\"2025-03-14T00:00:00+00:00\" \/>\n<meta property=\"og:image\" content=\"https:\/\/dobraterapia-bochnia.pl\/wp-content\/uploads\/image464157a91f054f69b5b1151a54973e65.png\" \/>\n\t<meta property=\"og:image:width\" content=\"1024\" \/>\n\t<meta property=\"og:image:height\" content=\"768\" \/>\n\t<meta property=\"og:image:type\" content=\"image\/png\" \/>\n<meta name=\"author\" content=\"Jerzy Michalak\" \/>\n<meta name=\"twitter:card\" content=\"summary_large_image\" \/>\n<meta name=\"twitter:label1\" content=\"Scris de\" \/>\n\t<meta name=\"twitter:data1\" content=\"Jerzy Michalak\" \/>\n\t<meta name=\"twitter:label2\" content=\"Timp estimat pentru citire\" \/>\n\t<meta name=\"twitter:data2\" content=\"4 minute\" \/>\n<script type=\"application\/ld+json\" class=\"yoast-schema-graph\">{\"@context\":\"https:\/\/schema.org\",\"@graph\":[{\"@type\":\"WebPage\",\"@id\":\"https:\/\/dobraterapia-bochnia.pl\/stylizacje-z-dlugim-plaszczem-na-jakie-wydarzenia\/\",\"url\":\"https:\/\/dobraterapia-bochnia.pl\/stylizacje-z-dlugim-plaszczem-na-jakie-wydarzenia\/\",\"name\":\"Stylizacje z d\u0142ugim p\u0142aszczem - jak je tworzy\u0107 na r\u00f3\u017cne wydarzenia?\",\"isPartOf\":{\"@id\":\"https:\/\/dobraterapia-bochnia.pl\/#website\"},\"primaryImageOfPage\":{\"@id\":\"https:\/\/dobraterapia-bochnia.pl\/stylizacje-z-dlugim-plaszczem-na-jakie-wydarzenia\/#primaryimage\"},\"image\":{\"@id\":\"https:\/\/dobraterapia-bochnia.pl\/stylizacje-z-dlugim-plaszczem-na-jakie-wydarzenia\/#primaryimage\"},\"thumbnailUrl\":\"https:\/\/dobraterapia-bochnia.pl\/wp-content\/uploads\/image464157a91f054f69b5b1151a54973e65.png\",\"datePublished\":\"2025-03-14T00:00:00+00:00\",\"dateModified\":\"2025-03-14T00:00:00+00:00\",\"author\":{\"@id\":\"https:\/\/dobraterapia-bochnia.pl\/#\/schema\/person\/723ee187e93036e7fa925b480f9437b9\"},\"description\":\"Odkryj, jak stylizowa\u0107 d\u0142ugi p\u0142aszcz na r\u00f3\u017cne okazje - od eleganckich gal po casualowe spotkania ze znajomymi.\",\"breadcrumb\":{\"@id\":\"https:\/\/dobraterapia-bochnia.pl\/stylizacje-z-dlugim-plaszczem-na-jakie-wydarzenia\/#breadcrumb\"},\"inLanguage\":\"ro-RO\",\"potentialAction\":[{\"@type\":\"ReadAction\",\"target\":[\"https:\/\/dobraterapia-bochnia.pl\/stylizacje-z-dlugim-plaszczem-na-jakie-wydarzenia\/\"]}]},{\"@type\":\"ImageObject\",\"inLanguage\":\"ro-RO\",\"@id\":\"https:\/\/dobraterapia-bochnia.pl\/stylizacje-z-dlugim-plaszczem-na-jakie-wydarzenia\/#primaryimage\",\"url\":\"https:\/\/dobraterapia-bochnia.pl\/wp-content\/uploads\/image464157a91f054f69b5b1151a54973e65.png\",\"contentUrl\":\"https:\/\/dobraterapia-bochnia.pl\/wp-content\/uploads\/image464157a91f054f69b5b1151a54973e65.png\",\"width\":1024,\"height\":768},{\"@type\":\"BreadcrumbList\",\"@id\":\"https:\/\/dobraterapia-bochnia.pl\/stylizacje-z-dlugim-plaszczem-na-jakie-wydarzenia\/#breadcrumb\",\"itemListElement\":[{\"@type\":\"ListItem\",\"position\":1,\"name\":\"Home\",\"item\":\"https:\/\/dobraterapia-bochnia.pl\/\"},{\"@type\":\"ListItem\",\"position\":2,\"name\":\"Stylizacje z d\u0142ugim p\u0142aszczem &#8211; na jakie wydarzenia?\"}]},{\"@type\":\"WebSite\",\"@id\":\"https:\/\/dobraterapia-bochnia.pl\/#website\",\"url\":\"https:\/\/dobraterapia-bochnia.pl\/\",\"name\":\"Ozdoby Poland\",\"description\":\"Ozdoby do auta \u2013 styl i charakter twojego pojazdu!\",\"potentialAction\":[{\"@type\":\"SearchAction\",\"target\":{\"@type\":\"EntryPoint\",\"urlTemplate\":\"https:\/\/dobraterapia-bochnia.pl\/?s={search_term_string}\"},\"query-input\":\"required name=search_term_string\"}],\"inLanguage\":\"ro-RO\"},{\"@type\":\"Person\",\"@id\":\"https:\/\/dobraterapia-bochnia.pl\/#\/schema\/person\/723ee187e93036e7fa925b480f9437b9\",\"name\":\"Jerzy Michalak\",\"image\":{\"@type\":\"ImageObject\",\"inLanguage\":\"ro-RO\",\"@id\":\"https:\/\/dobraterapia-bochnia.pl\/#\/schema\/person\/image\/\",\"url\":\"https:\/\/dobraterapia-bochnia.pl\/wp-content\/uploads\/jerzy-michalak_avatar-96x96.jpg\",\"contentUrl\":\"https:\/\/dobraterapia-bochnia.pl\/wp-content\/uploads\/jerzy-michalak_avatar-96x96.jpg\",\"caption\":\"Jerzy Michalak\"},\"url\":\"https:\/\/dobraterapia-bochnia.pl\/ro\/author\/jerzy-michalak\/\"}]}<\/script>\n<!-- \/ Yoast SEO plugin. -->","yoast_head_json":{"title":"Stylizacje z d\u0142ugim p\u0142aszczem - jak je tworzy\u0107 na r\u00f3\u017cne wydarzenia?","description":"Odkryj, jak stylizowa\u0107 d\u0142ugi p\u0142aszcz na r\u00f3\u017cne okazje - od eleganckich gal po casualowe spotkania ze znajomymi.","robots":{"index":"index","follow":"follow","max-snippet":"max-snippet:-1","max-image-preview":"max-image-preview:large","max-video-preview":"max-video-preview:-1"},"canonical":"https:\/\/dobraterapia-bochnia.pl\/ro\/stylizacje-z-dlugim-plaszczem-na-jakie-wydarzenia\/","og_locale":"ro_RO","og_type":"article","og_title":"Stylizacje z d\u0142ugim p\u0142aszczem - jak je tworzy\u0107 na r\u00f3\u017cne wydarzenia?","og_description":"Odkryj, jak stylizowa\u0107 d\u0142ugi p\u0142aszcz na r\u00f3\u017cne okazje - od eleganckich gal po casualowe spotkania ze znajomymi.","og_url":"https:\/\/dobraterapia-bochnia.pl\/ro\/stylizacje-z-dlugim-plaszczem-na-jakie-wydarzenia\/","og_site_name":"Ozdoby Poland","article_published_time":"2025-03-14T00:00:00+00:00","og_image":[{"width":1024,"height":768,"url":"https:\/\/dobraterapia-bochnia.pl\/wp-content\/uploads\/image464157a91f054f69b5b1151a54973e65.png","type":"image\/png"}],"author":"Jerzy Michalak","twitter_card":"summary_large_image","twitter_misc":{"Scris de":"Jerzy Michalak","Timp estimat pentru citire":"4 minute"},"schema":{"@context":"https:\/\/schema.org","@graph":[{"@type":"WebPage","@id":"https:\/\/dobraterapia-bochnia.pl\/stylizacje-z-dlugim-plaszczem-na-jakie-wydarzenia\/","url":"https:\/\/dobraterapia-bochnia.pl\/stylizacje-z-dlugim-plaszczem-na-jakie-wydarzenia\/","name":"Stylizacje z d\u0142ugim p\u0142aszczem - jak je tworzy\u0107 na r\u00f3\u017cne wydarzenia?","isPartOf":{"@id":"https:\/\/dobraterapia-bochnia.pl\/#website"},"primaryImageOfPage":{"@id":"https:\/\/dobraterapia-bochnia.pl\/stylizacje-z-dlugim-plaszczem-na-jakie-wydarzenia\/#primaryimage"},"image":{"@id":"https:\/\/dobraterapia-bochnia.pl\/stylizacje-z-dlugim-plaszczem-na-jakie-wydarzenia\/#primaryimage"},"thumbnailUrl":"https:\/\/dobraterapia-bochnia.pl\/wp-content\/uploads\/image464157a91f054f69b5b1151a54973e65.png","datePublished":"2025-03-14T00:00:00+00:00","dateModified":"2025-03-14T00:00:00+00:00","author":{"@id":"https:\/\/dobraterapia-bochnia.pl\/#\/schema\/person\/723ee187e93036e7fa925b480f9437b9"},"description":"Odkryj, jak stylizowa\u0107 d\u0142ugi p\u0142aszcz na r\u00f3\u017cne okazje - od eleganckich gal po casualowe spotkania ze znajomymi.","breadcrumb":{"@id":"https:\/\/dobraterapia-bochnia.pl\/stylizacje-z-dlugim-plaszczem-na-jakie-wydarzenia\/#breadcrumb"},"inLanguage":"ro-RO","potentialAction":[{"@type":"ReadAction","target":["https:\/\/dobraterapia-bochnia.pl\/stylizacje-z-dlugim-plaszczem-na-jakie-wydarzenia\/"]}]},{"@type":"ImageObject","inLanguage":"ro-RO","@id":"https:\/\/dobraterapia-bochnia.pl\/stylizacje-z-dlugim-plaszczem-na-jakie-wydarzenia\/#primaryimage","url":"https:\/\/dobraterapia-bochnia.pl\/wp-content\/uploads\/image464157a91f054f69b5b1151a54973e65.png","contentUrl":"https:\/\/dobraterapia-bochnia.pl\/wp-content\/uploads\/image464157a91f054f69b5b1151a54973e65.png","width":1024,"height":768},{"@type":"BreadcrumbList","@id":"https:\/\/dobraterapia-bochnia.pl\/stylizacje-z-dlugim-plaszczem-na-jakie-wydarzenia\/#breadcrumb","itemListElement":[{"@type":"ListItem","position":1,"name":"Home","item":"https:\/\/dobraterapia-bochnia.pl\/"},{"@type":"ListItem","position":2,"name":"Stylizacje z d\u0142ugim p\u0142aszczem &#8211; na jakie wydarzenia?"}]},{"@type":"WebSite","@id":"https:\/\/dobraterapia-bochnia.pl\/#website","url":"https:\/\/dobraterapia-bochnia.pl\/","name":"Ozdoby Poland","description":"Ozdoby do auta \u2013 styl i charakter twojego pojazdu!","potentialAction":[{"@type":"SearchAction","target":{"@type":"EntryPoint","urlTemplate":"https:\/\/dobraterapia-bochnia.pl\/?s={search_term_string}"},"query-input":"required name=search_term_string"}],"inLanguage":"ro-RO"},{"@type":"Person","@id":"https:\/\/dobraterapia-bochnia.pl\/#\/schema\/person\/723ee187e93036e7fa925b480f9437b9","name":"Jerzy Michalak","image":{"@type":"ImageObject","inLanguage":"ro-RO","@id":"https:\/\/dobraterapia-bochnia.pl\/#\/schema\/person\/image\/","url":"https:\/\/dobraterapia-bochnia.pl\/wp-content\/uploads\/jerzy-michalak_avatar-96x96.jpg","contentUrl":"https:\/\/dobraterapia-bochnia.pl\/wp-content\/uploads\/jerzy-michalak_avatar-96x96.jpg","caption":"Jerzy Michalak"},"url":"https:\/\/dobraterapia-bochnia.pl\/ro\/author\/jerzy-michalak\/"}]}},"yoast_meta":{"yoast_wpseo_title":"","yoast_wpseo_metadesc":"","yoast_wpseo_canonical":"https:\/\/dobraterapia-bochnia.pl\/ro\/wp-json\/wp\/v2\/posts\/435"},"_links":{"self":[{"href":"https:\/\/dobraterapia-bochnia.pl\/ro\/wp-json\/wp\/v2\/posts\/435"}],"collection":[{"href":"https:\/\/dobraterapia-bochnia.pl\/ro\/wp-json\/wp\/v2\/posts"}],"about":[{"href":"https:\/\/dobraterapia-bochnia.pl\/ro\/wp-json\/wp\/v2\/types\/post"}],"author":[{"embeddable":true,"href":"https:\/\/dobraterapia-bochnia.pl\/ro\/wp-json\/wp\/v2\/users\/1"}],"replies":[{"embeddable":true,"href":"https:\/\/dobraterapia-bochnia.pl\/ro\/wp-json\/wp\/v2\/comments?post=435"}],"version-history":[{"count":1,"href":"https:\/\/dobraterapia-bochnia.pl\/ro\/wp-json\/wp\/v2\/posts\/435\/revisions"}],"predecessor-version":[{"id":439,"href":"https:\/\/dobraterapia-bochnia.pl\/ro\/wp-json\/wp\/v2\/posts\/435\/revisions\/439"}],"wp:featuredmedia":[{"embeddable":true,"href":"https:\/\/dobraterapia-bochnia.pl\/ro\/wp-json\/wp\/v2\/media\/419"}],"wp:attachment":[{"href":"https:\/\/dobraterapia-bochnia.pl\/ro\/wp-json\/wp\/v2\/media?parent=435"}],"wp:term":[{"taxonomy":"category","embeddable":true,"href":"https:\/\/dobraterapia-bochnia.pl\/ro\/wp-json\/wp\/v2\/categories?post=435"},{"taxonomy":"post_tag","embeddable":true,"href":"https:\/\/dobraterapia-bochnia.pl\/ro\/wp-json\/wp\/v2\/tags?post=435"}],"curies":[{"name":"wp","href":"https:\/\/api.w.org\/{rel}","templated":true}]}}