{"id":477,"date":"2025-04-12T00:00:00","date_gmt":"2025-04-11T23:00:00","guid":{"rendered":"https:\/\/dobraterapia-bochnia.pl\/?p=477"},"modified":"2025-04-12T00:00:00","modified_gmt":"2025-04-11T23:00:00","slug":"dlugi-sweter-najczesciej-zadawane-pytania-o-stylizacje","status":"publish","type":"post","link":"https:\/\/dobraterapia-bochnia.pl\/ro\/dlugi-sweter-najczesciej-zadawane-pytania-o-stylizacje\/","title":{"rendered":"Pulover lung - \u00eentreb\u0103ri frecvente despre stilizare"},"content":{"rendered":"<div class=\"kk-star-ratings kksr-auto kksr-align-left kksr-valign-top\"\n    data-payload='{&quot;align&quot;:&quot;left&quot;,&quot;id&quot;:&quot;477&quot;,&quot;slug&quot;:&quot;default&quot;,&quot;valign&quot;:&quot;top&quot;,&quot;ignore&quot;:&quot;&quot;,&quot;reference&quot;:&quot;auto&quot;,&quot;class&quot;:&quot;&quot;,&quot;count&quot;:&quot;0&quot;,&quot;legendonly&quot;:&quot;&quot;,&quot;readonly&quot;:&quot;&quot;,&quot;score&quot;:&quot;0&quot;,&quot;starsonly&quot;:&quot;&quot;,&quot;best&quot;:&quot;5&quot;,&quot;gap&quot;:&quot;5&quot;,&quot;greet&quot;:&quot;&quot;,&quot;legend&quot;:&quot;0\\\/5 - (0 votes)&quot;,&quot;size&quot;:&quot;24&quot;,&quot;title&quot;:&quot;D\u0142ugi sweter \u2013 najcz\u0119\u015bciej zadawane pytania o stylizacje&quot;,&quot;width&quot;:&quot;0&quot;,&quot;_legend&quot;:&quot;{score}\\\/{best} - ({count} {votes})&quot;,&quot;font_factor&quot;:&quot;1.25&quot;}'>\n            \n<div class=\"kksr-stars\">\n    \n<div class=\"kksr-stars-inactive\">\n            <div class=\"kksr-star\" data-star=\"1\" style=\"padding-right: 5px\">\n            \n\n<div class=\"kksr-icon\" style=\"width: 24px; height: 24px;\"><\/div>\n        <\/div>\n            <div class=\"kksr-star\" data-star=\"2\" style=\"padding-right: 5px\">\n            \n\n<div class=\"kksr-icon\" style=\"width: 24px; height: 24px;\"><\/div>\n        <\/div>\n            <div class=\"kksr-star\" data-star=\"3\" style=\"padding-right: 5px\">\n            \n\n<div class=\"kksr-icon\" style=\"width: 24px; height: 24px;\"><\/div>\n        <\/div>\n            <div class=\"kksr-star\" data-star=\"4\" style=\"padding-right: 5px\">\n            \n\n<div class=\"kksr-icon\" style=\"width: 24px; height: 24px;\"><\/div>\n        <\/div>\n            <div class=\"kksr-star\" data-star=\"5\" style=\"padding-right: 5px\">\n            \n\n<div class=\"kksr-icon\" style=\"width: 24px; height: 24px;\"><\/div>\n        <\/div>\n    <\/div>\n    \n<div class=\"kksr-stars-active\" style=\"width: 0px;\">\n            <div class=\"kksr-star\" style=\"padding-right: 5px\">\n            \n\n<div class=\"kksr-icon\" style=\"width: 24px; height: 24px;\"><\/div>\n        <\/div>\n            <div class=\"kksr-star\" style=\"padding-right: 5px\">\n            \n\n<div class=\"kksr-icon\" style=\"width: 24px; height: 24px;\"><\/div>\n        <\/div>\n            <div class=\"kksr-star\" style=\"padding-right: 5px\">\n            \n\n<div class=\"kksr-icon\" style=\"width: 24px; height: 24px;\"><\/div>\n        <\/div>\n            <div class=\"kksr-star\" style=\"padding-right: 5px\">\n            \n\n<div class=\"kksr-icon\" style=\"width: 24px; height: 24px;\"><\/div>\n        <\/div>\n            <div class=\"kksr-star\" style=\"padding-right: 5px\">\n            \n\n<div class=\"kksr-icon\" style=\"width: 24px; height: 24px;\"><\/div>\n        <\/div>\n    <\/div>\n<\/div>\n                \n\n<div class=\"kksr-legend\" style=\"font-size: 19.2px;\">\n            <span class=\"kksr-muted\"><\/span>\n    <\/div>\n    <\/div>\n<p>D\u0142ugi sweter to prawdziwy must-have w ka\u017cdej szafie. To element garderoby, kt\u00f3ry \u0142\u0105czy w sobie funkcjonalno\u015b\u0107 z estetyk\u0105. W dzisiejszym artykule odpowiemy na najcz\u0119\u015bciej zadawane pytania dotycz\u0105ce stylizacji z d\u0142ugim swetrem. Niezale\u017cnie od pory roku, d\u0142ugi sweter sprawdza si\u0119 w r\u00f3\u017cnorodnych kombinacjach, zar\u00f3wno casualowych, jak i eleganckich. Jego uniwersalno\u015b\u0107 sprawia, \u017ce mo\u017cna go \u0142\u0105czy\u0107 z r\u00f3\u017cnymi akcesoriami, a odpowiednie dobicie stylistyki przynosi niesko\u0144czone mo\u017cliwo\u015bci. Zapraszamy do lektury, by odkry\u0107 sekrety noszenia d\u0142ugiego swetra! <\/p>\n<h2>Jak nosi\u0107 d\u0142ugi sweter na co dzie\u0144?<\/h2>\n<p><img decoding=\"async\" alt=\"M\u0119\u017cczyzna w modnym swetrze siedzi w parku, po\u015br\u00f3d drzew w \u015bwietle porannego s\u0142o\u0144ca.\" src=\"https:\/\/dobraterapia-bochnia.pl\/wp-content\/uploads\/image21830f497b634b18b167593d695bacf3.png\"\/><\/p>\n<p>D\u0142ugi sweter daje wiele mo\u017cliwo\u015bci stylizacji, kt\u00f3re mog\u0105 wzbogaci\u0107 ka\u017cdy wolny dzie\u0144. Mo\u017cesz zestawi\u0107 go z r\u00f3\u017cnych element\u00f3w odzie\u017cy, takich jak legginsy, jeansy czy modne sp\u00f3dnice. Kluczowe jest dobranie odpowiednich dodatk\u00f3w, aby uzyska\u0107 sp\u00f3jny i elegancki wygl\u0105d. Dobrze dobrane obuwie, na przyk\u0142ad modne botki lub wygodne sneakersy, mog\u0105 doda\u0107 sznytu Twojemu outfitowi. Warto r\u00f3wnie\u017c pomy\u015ble\u0107 o kolorze swetra, kt\u00f3ry dobrze b\u0119dzie wsp\u00f3\u0142gra\u0142 z innymi cz\u0119\u015bciami garderoby. Po\u0142\u0105czenie klasyki z odwa\u017cnymi akcentami z pewno\u015bci\u0105 przyci\u0105gnie spojrzenia!<\/p>\n<h2>Stylizacje na r\u00f3\u017cne okazje<\/h2>\n<p><img decoding=\"async\" alt=\"Grupa m\u0142odych kobiet w swetrach siedzi przy stole na ulicy, ciesz\u0105c si\u0119 chwil\u0105 z drinkami w r\u0119kach.\" src=\"https:\/\/dobraterapia-bochnia.pl\/wp-content\/uploads\/imagea83303bd4a6845259b587d6ee809601d.png\"\/><\/p>\n<p>Nie ma w\u0105tpliwo\u015bci, \u017ce d\u0142ugi sweter pasuje niemal na ka\u017cd\u0105 okazj\u0119. Oto kilka najpopularniejszych stylizacji, kt\u00f3re mo\u017cesz wypr\u00f3bowa\u0107:<\/p>\n<ul>\n<li><strong>Casualowe zestawienia:<\/strong> D\u0142ugi sweter z ulubionymi jeansami i sneakersami.<\/li>\n<li><strong>Eleganckie wyj\u015bcia:<\/strong> D\u0142ugi sweter ze sp\u00f3dnic\u0105 o\u0142\u00f3wkow\u0105 i szpilkami.<\/li>\n<li><strong>Sportowy look:<\/strong> Zestawienie ze spodniami dresowymi i trampkami.<\/li>\n<\/ul>\n<p>Wszystkie powy\u017csze stylizacje s\u0105 wygodne i niezwykle modne. Mo\u017cesz r\u00f3wnie\u017c doda\u0107 kilka akcesori\u00f3w, takich jak torebki lub bi\u017cuteri\u0119, aby uczyni\u0107 sw\u00f3j str\u00f3j jeszcze bardziej interesuj\u0105cym. Odpowiednie dodatki potrafi\u0105 ca\u0142kowicie odmieni\u0107 stylizacj\u0119, nadaj\u0105c jej unikalny charakter. Na przyk\u0142ad, szeroki pasek mo\u017ce pi\u0119knie podkre\u015bli\u0107 tali\u0119, natomiast du\u017ca torba pomie\u015bci wszystkie niezb\u0119dne rzeczy.<\/p>\n<h2>Materia\u0142y i kolory \u2013 co wybra\u0107?<\/h2>\n<p>Dob\u00f3r w\u0142a\u015bciwych materia\u0142\u00f3w i kolor\u00f3w jest kluczem do udanej stylizacji z d\u0142ugim swetrem. Swetry wykonane z naturalnych w\u0142\u00f3kien, takich jak we\u0142na i bawe\u0142na, zapewniaj\u0105 komfort noszenia. Warto r\u00f3wnie\u017c rozwa\u017cy\u0107 wyb\u00f3r materia\u0142\u00f3w ekologicznych, kt\u00f3re s\u0105 obecnie na czasie. W poni\u017cszej tabeli przedstawiamy zalety r\u00f3\u017cnych materia\u0142\u00f3w:<\/p>\n<table border=\"1\">\n<tr>\n<th>Materia\u0142<\/th>\n<th>Zalety<\/th>\n<\/tr>\n<tr>\n<td>We\u0142na<\/td>\n<td>Doskonale izoluje ciep\u0142o i jest bardzo trwa\u0142a.<\/td>\n<\/tr>\n<tr>\n<td>Bawe\u0142na<\/td>\n<td>Mi\u0119kka, przyjemna w dotyku i oddychaj\u0105ca.<\/td>\n<\/tr>\n<tr>\n<td>Akryl<\/td>\n<td>Lekki i odporny na gniecenie, co czyni go praktycznym wyborem.<\/td>\n<\/tr>\n<\/table>\n<p>Je\u015bli chodzi o kolory, stawiaj na klasyki, takie jak szaro\u015bci, be\u017ce czy czer\u0144. Kolory te s\u0105 niezwykle uniwersalne i pasuj\u0105 do wi\u0119kszo\u015bci stylizacji. Oczywi\u015bcie, mo\u017cesz r\u00f3wnie\u017c \u015bmia\u0142o eksperymentowa\u0107 z bardziej odwa\u017cnymi odcieniami, kt\u00f3re wprowadz\u0105 \u015bwie\u017co\u015b\u0107 do Twojego wygl\u0105du.<\/p>\n<h2>Jak piel\u0119gnowa\u0107 d\u0142ugi sweter?<\/h2>\n<p>Nie zapominajmy o piel\u0119gnacji naszych ulubionych d\u0142ugich swetr\u00f3w. Aby mog\u0142y one s\u0142u\u017cy\u0107 przez d\u0142ugie sezony, warto przestrzega\u0107 kilku prostych zasad. Przede wszystkim, pierz sweter w niskiej temperaturze, aby nie zniekszta\u0142ci\u0107 materia\u0142u. Unikaj suszenia w suszarce, poniewa\u017c mo\u017ce to os\u0142abi\u0107 w\u0142\u00f3kna. Zamiast tego, najlepiej powiesi\u0107 sweter na wieszaku. Przechowuj go w spos\u00f3b, kt\u00f3ry nie dopu\u015bci do odkszta\u0142ce\u0144, na przyk\u0142ad sk\u0142adaj\u0105c go w szafie. W\u0142a\u015bciwa piel\u0119gnacja przed\u0142u\u017cy \u017cycie Twojego swetra i zachowa jego oryginalny kszta\u0142t oraz kolor.<\/p>\n<h2>Z czym \u0142\u0105czy\u0107 d\u0142ugi sweter?<\/h2>\n<p>D\u0142ugi sweter mo\u017ce by\u0107 \u0142\u0105czony z r\u00f3\u017cnymi elementami garderoby, co czyni go bardzo uniwersalnym. Poni\u017cej przedstawiamy kilka propozycji:<\/p>\n<ul>\n<li>Legginsy \u2013 dla wygodnego, casualowego stylu.<\/li>\n<li>Sp\u00f3dnice \u2013 w zestawieniu ze swetrem uzyskasz elegancki look.<\/li>\n<li>Jeansy \u2013 klasa sama w sobie, idealne na co dzie\u0144.<\/li>\n<\/ul>\n<h2>Akcesoria, kt\u00f3re uzupe\u0142ni\u0105 stylizacj\u0119<\/h2>\n<p>Akcesoria s\u0105 kluczowe, aby nada\u0107 charakter stylizacji i wyrazi\u0107 siebie. Dobrane odpowiednio, potrafi\u0105 ca\u0142kowicie zrewolucjonizowa\u0107 Tw\u00f3j wygl\u0105d. Oto kilka propozycji akcesori\u00f3w:<\/p>\n<ol>\n<li>Paski &#8211; podkre\u015blaj\u0105 sylwetk\u0119 i dodaj\u0105 elegancji.<\/li>\n<li>Torebki &#8211; dodatkowa funkcjonalno\u015b\u0107 i modowy dodatek w jednym.<\/li>\n<li>Bi\u017cuteria &#8211; subtelna lub wyrazista, w zale\u017cno\u015bci od okazji.<\/li>\n<\/ol>\n<h2>Rezumat<\/h2>\n<p>D\u0142ugi sweter to wszechstronny element garderoby, kt\u00f3ry mo\u017cna nosi\u0107 na wiele sposob\u00f3w. Dzi\u0119ki odpowiednim stylizacjom, akcesoriom i dba\u0142o\u015bci o detale, stylizacja z d\u0142ugim swetrem mo\u017ce przyci\u0105ga\u0107 spojrzenia i zapewnia\u0107 komfort. Niezale\u017cnie od okazji, po\u0142\u0105czenie wygody z elegancj\u0105 sprawia, \u017ce d\u0142ugi sweter nigdy nie wyjdzie z mody.<\/p>\n<h2>\u00centreb\u0103ri frecvente<\/h2>\n<ul>\n<li><strong>Jakie buty najlepiej pasuj\u0105 do d\u0142ugiego swetra?<\/strong> Najlepiej sprawdz\u0105 si\u0119 zar\u00f3wno sneakersy, jak i botki czy szpilki, w zale\u017cno\u015bci od charakteru stylizacji.<\/li>\n<li><strong>Czy d\u0142ugi sweter mo\u017cna nosi\u0107 latem?<\/strong> Tak, z lekkich materia\u0142\u00f3w d\u0142ugi sweter mo\u017ce by\u0107 idealny na wieczorne wyj\u015bcia w ch\u0142odniejsze dni.<\/li>\n<li><strong>Jakie kolory d\u0142ugich swetr\u00f3w s\u0105 najmodniejsze?<\/strong> W sezonie dominuj\u0105 stonowane kolory, jak be\u017c czy szaro\u015b\u0107, ale pastelowe odcienie r\u00f3wnie\u017c s\u0105 na topie.<\/li>\n<li><strong>Czy d\u0142ugi sweter mo\u017cna zak\u0142ada\u0107 na sukienki?<\/strong> Oczywi\u015bcie! D\u0142ugi sweter na\u0142o\u017cony na sukienk\u0119 mo\u017ce doda\u0107 stylu i elegancji Twojej stylizacji.<\/li>\n<li><strong>Jak dba\u0107 o d\u0142ugi sweter, aby nie straci\u0142 kszta\u0142tu?<\/strong> Nale\u017cy pra\u0107 go w niskiej temperaturze, unika\u0107 suszenia w suszarce i przechowywa\u0107 w odpowiedni spos\u00f3b.<\/li>\n<\/ul>","protected":false},"excerpt":{"rendered":"<p>Un pulover lung este un adev\u0103rat must-have \u00een orice garderob\u0103. Este un articol de garderob\u0103 care combin\u0103 func\u021bionalitatea cu estetica. \u00cen ziua de azi\u2026<\/p>","protected":false},"author":1,"featured_media":459,"comment_status":"closed","ping_status":"closed","sticky":false,"template":"","format":"standard","meta":{"_acf_changed":false,"footnotes":""},"categories":[1],"tags":[],"class_list":["post-477","post","type-post","status-publish","format-standard","has-post-thumbnail","hentry","category-akcesoria-samochodowe"],"acf":[],"yoast_head":"<!-- This site is optimized with the Yoast SEO plugin v23.2 - https:\/\/yoast.com\/wordpress\/plugins\/seo\/ -->\n<title>D\u0142ugi sweter \u2013 stylizacje, porady i najcz\u0119\u015bciej zadawane pytania<\/title>\n<meta name=\"description\" content=\"Odkryj, jak stylizowa\u0107 d\u0142ugi sweter na ka\u017cd\u0105 okazj\u0119! Przeczytaj nasze porady, najcz\u0119\u015bciej zadawane pytania i wi\u0119cej.\" \/>\n<meta name=\"robots\" content=\"index, follow, max-snippet:-1, max-image-preview:large, max-video-preview:-1\" \/>\n<link rel=\"canonical\" href=\"https:\/\/dobraterapia-bochnia.pl\/ro\/dlugi-sweter-najczesciej-zadawane-pytania-o-stylizacje\/\" \/>\n<meta property=\"og:locale\" content=\"ro_RO\" \/>\n<meta property=\"og:type\" content=\"article\" \/>\n<meta property=\"og:title\" content=\"D\u0142ugi sweter \u2013 stylizacje, porady i najcz\u0119\u015bciej zadawane pytania\" \/>\n<meta property=\"og:description\" content=\"Odkryj, jak stylizowa\u0107 d\u0142ugi sweter na ka\u017cd\u0105 okazj\u0119! Przeczytaj nasze porady, najcz\u0119\u015bciej zadawane pytania i wi\u0119cej.\" \/>\n<meta property=\"og:url\" content=\"https:\/\/dobraterapia-bochnia.pl\/ro\/dlugi-sweter-najczesciej-zadawane-pytania-o-stylizacje\/\" \/>\n<meta property=\"og:site_name\" content=\"Ozdoby Poland\" \/>\n<meta property=\"article:published_time\" content=\"2025-04-11T23:00:00+00:00\" \/>\n<meta property=\"og:image\" content=\"https:\/\/dobraterapia-bochnia.pl\/wp-content\/uploads\/imageb9e6ed399ddf4b3682883c8a5583a70b.png\" \/>\n\t<meta property=\"og:image:width\" content=\"1024\" \/>\n\t<meta property=\"og:image:height\" content=\"768\" \/>\n\t<meta property=\"og:image:type\" content=\"image\/png\" \/>\n<meta name=\"author\" content=\"Jerzy Michalak\" \/>\n<meta name=\"twitter:card\" content=\"summary_large_image\" \/>\n<meta name=\"twitter:label1\" content=\"Scris de\" \/>\n\t<meta name=\"twitter:data1\" content=\"Jerzy Michalak\" \/>\n\t<meta name=\"twitter:label2\" content=\"Timp estimat pentru citire\" \/>\n\t<meta name=\"twitter:data2\" content=\"4 minute\" \/>\n<script type=\"application\/ld+json\" class=\"yoast-schema-graph\">{\"@context\":\"https:\/\/schema.org\",\"@graph\":[{\"@type\":\"WebPage\",\"@id\":\"https:\/\/dobraterapia-bochnia.pl\/dlugi-sweter-najczesciej-zadawane-pytania-o-stylizacje\/\",\"url\":\"https:\/\/dobraterapia-bochnia.pl\/dlugi-sweter-najczesciej-zadawane-pytania-o-stylizacje\/\",\"name\":\"D\u0142ugi sweter \u2013 stylizacje, porady i najcz\u0119\u015bciej zadawane pytania\",\"isPartOf\":{\"@id\":\"https:\/\/dobraterapia-bochnia.pl\/#website\"},\"primaryImageOfPage\":{\"@id\":\"https:\/\/dobraterapia-bochnia.pl\/dlugi-sweter-najczesciej-zadawane-pytania-o-stylizacje\/#primaryimage\"},\"image\":{\"@id\":\"https:\/\/dobraterapia-bochnia.pl\/dlugi-sweter-najczesciej-zadawane-pytania-o-stylizacje\/#primaryimage\"},\"thumbnailUrl\":\"https:\/\/dobraterapia-bochnia.pl\/wp-content\/uploads\/imageb9e6ed399ddf4b3682883c8a5583a70b.png\",\"datePublished\":\"2025-04-11T23:00:00+00:00\",\"dateModified\":\"2025-04-11T23:00:00+00:00\",\"author\":{\"@id\":\"https:\/\/dobraterapia-bochnia.pl\/#\/schema\/person\/723ee187e93036e7fa925b480f9437b9\"},\"description\":\"Odkryj, jak stylizowa\u0107 d\u0142ugi sweter na ka\u017cd\u0105 okazj\u0119! Przeczytaj nasze porady, najcz\u0119\u015bciej zadawane pytania i wi\u0119cej.\",\"breadcrumb\":{\"@id\":\"https:\/\/dobraterapia-bochnia.pl\/dlugi-sweter-najczesciej-zadawane-pytania-o-stylizacje\/#breadcrumb\"},\"inLanguage\":\"ro-RO\",\"potentialAction\":[{\"@type\":\"ReadAction\",\"target\":[\"https:\/\/dobraterapia-bochnia.pl\/dlugi-sweter-najczesciej-zadawane-pytania-o-stylizacje\/\"]}]},{\"@type\":\"ImageObject\",\"inLanguage\":\"ro-RO\",\"@id\":\"https:\/\/dobraterapia-bochnia.pl\/dlugi-sweter-najczesciej-zadawane-pytania-o-stylizacje\/#primaryimage\",\"url\":\"https:\/\/dobraterapia-bochnia.pl\/wp-content\/uploads\/imageb9e6ed399ddf4b3682883c8a5583a70b.png\",\"contentUrl\":\"https:\/\/dobraterapia-bochnia.pl\/wp-content\/uploads\/imageb9e6ed399ddf4b3682883c8a5583a70b.png\",\"width\":1024,\"height\":768},{\"@type\":\"BreadcrumbList\",\"@id\":\"https:\/\/dobraterapia-bochnia.pl\/dlugi-sweter-najczesciej-zadawane-pytania-o-stylizacje\/#breadcrumb\",\"itemListElement\":[{\"@type\":\"ListItem\",\"position\":1,\"name\":\"Home\",\"item\":\"https:\/\/dobraterapia-bochnia.pl\/\"},{\"@type\":\"ListItem\",\"position\":2,\"name\":\"D\u0142ugi sweter \u2013 najcz\u0119\u015bciej zadawane pytania o stylizacje\"}]},{\"@type\":\"WebSite\",\"@id\":\"https:\/\/dobraterapia-bochnia.pl\/#website\",\"url\":\"https:\/\/dobraterapia-bochnia.pl\/\",\"name\":\"Ozdoby Poland\",\"description\":\"Ozdoby do auta \u2013 styl i charakter twojego pojazdu!\",\"potentialAction\":[{\"@type\":\"SearchAction\",\"target\":{\"@type\":\"EntryPoint\",\"urlTemplate\":\"https:\/\/dobraterapia-bochnia.pl\/?s={search_term_string}\"},\"query-input\":\"required name=search_term_string\"}],\"inLanguage\":\"ro-RO\"},{\"@type\":\"Person\",\"@id\":\"https:\/\/dobraterapia-bochnia.pl\/#\/schema\/person\/723ee187e93036e7fa925b480f9437b9\",\"name\":\"Jerzy Michalak\",\"image\":{\"@type\":\"ImageObject\",\"inLanguage\":\"ro-RO\",\"@id\":\"https:\/\/dobraterapia-bochnia.pl\/#\/schema\/person\/image\/\",\"url\":\"https:\/\/dobraterapia-bochnia.pl\/wp-content\/uploads\/jerzy-michalak_avatar-96x96.jpg\",\"contentUrl\":\"https:\/\/dobraterapia-bochnia.pl\/wp-content\/uploads\/jerzy-michalak_avatar-96x96.jpg\",\"caption\":\"Jerzy Michalak\"},\"url\":\"https:\/\/dobraterapia-bochnia.pl\/ro\/author\/jerzy-michalak\/\"}]}<\/script>\n<!-- \/ Yoast SEO plugin. -->","yoast_head_json":{"title":"D\u0142ugi sweter \u2013 stylizacje, porady i najcz\u0119\u015bciej zadawane pytania","description":"Odkryj, jak stylizowa\u0107 d\u0142ugi sweter na ka\u017cd\u0105 okazj\u0119! Przeczytaj nasze porady, najcz\u0119\u015bciej zadawane pytania i wi\u0119cej.","robots":{"index":"index","follow":"follow","max-snippet":"max-snippet:-1","max-image-preview":"max-image-preview:large","max-video-preview":"max-video-preview:-1"},"canonical":"https:\/\/dobraterapia-bochnia.pl\/ro\/dlugi-sweter-najczesciej-zadawane-pytania-o-stylizacje\/","og_locale":"ro_RO","og_type":"article","og_title":"D\u0142ugi sweter \u2013 stylizacje, porady i najcz\u0119\u015bciej zadawane pytania","og_description":"Odkryj, jak stylizowa\u0107 d\u0142ugi sweter na ka\u017cd\u0105 okazj\u0119! Przeczytaj nasze porady, najcz\u0119\u015bciej zadawane pytania i wi\u0119cej.","og_url":"https:\/\/dobraterapia-bochnia.pl\/ro\/dlugi-sweter-najczesciej-zadawane-pytania-o-stylizacje\/","og_site_name":"Ozdoby Poland","article_published_time":"2025-04-11T23:00:00+00:00","og_image":[{"width":1024,"height":768,"url":"https:\/\/dobraterapia-bochnia.pl\/wp-content\/uploads\/imageb9e6ed399ddf4b3682883c8a5583a70b.png","type":"image\/png"}],"author":"Jerzy Michalak","twitter_card":"summary_large_image","twitter_misc":{"Scris de":"Jerzy Michalak","Timp estimat pentru citire":"4 minute"},"schema":{"@context":"https:\/\/schema.org","@graph":[{"@type":"WebPage","@id":"https:\/\/dobraterapia-bochnia.pl\/dlugi-sweter-najczesciej-zadawane-pytania-o-stylizacje\/","url":"https:\/\/dobraterapia-bochnia.pl\/dlugi-sweter-najczesciej-zadawane-pytania-o-stylizacje\/","name":"D\u0142ugi sweter \u2013 stylizacje, porady i najcz\u0119\u015bciej zadawane pytania","isPartOf":{"@id":"https:\/\/dobraterapia-bochnia.pl\/#website"},"primaryImageOfPage":{"@id":"https:\/\/dobraterapia-bochnia.pl\/dlugi-sweter-najczesciej-zadawane-pytania-o-stylizacje\/#primaryimage"},"image":{"@id":"https:\/\/dobraterapia-bochnia.pl\/dlugi-sweter-najczesciej-zadawane-pytania-o-stylizacje\/#primaryimage"},"thumbnailUrl":"https:\/\/dobraterapia-bochnia.pl\/wp-content\/uploads\/imageb9e6ed399ddf4b3682883c8a5583a70b.png","datePublished":"2025-04-11T23:00:00+00:00","dateModified":"2025-04-11T23:00:00+00:00","author":{"@id":"https:\/\/dobraterapia-bochnia.pl\/#\/schema\/person\/723ee187e93036e7fa925b480f9437b9"},"description":"Odkryj, jak stylizowa\u0107 d\u0142ugi sweter na ka\u017cd\u0105 okazj\u0119! Przeczytaj nasze porady, najcz\u0119\u015bciej zadawane pytania i wi\u0119cej.","breadcrumb":{"@id":"https:\/\/dobraterapia-bochnia.pl\/dlugi-sweter-najczesciej-zadawane-pytania-o-stylizacje\/#breadcrumb"},"inLanguage":"ro-RO","potentialAction":[{"@type":"ReadAction","target":["https:\/\/dobraterapia-bochnia.pl\/dlugi-sweter-najczesciej-zadawane-pytania-o-stylizacje\/"]}]},{"@type":"ImageObject","inLanguage":"ro-RO","@id":"https:\/\/dobraterapia-bochnia.pl\/dlugi-sweter-najczesciej-zadawane-pytania-o-stylizacje\/#primaryimage","url":"https:\/\/dobraterapia-bochnia.pl\/wp-content\/uploads\/imageb9e6ed399ddf4b3682883c8a5583a70b.png","contentUrl":"https:\/\/dobraterapia-bochnia.pl\/wp-content\/uploads\/imageb9e6ed399ddf4b3682883c8a5583a70b.png","width":1024,"height":768},{"@type":"BreadcrumbList","@id":"https:\/\/dobraterapia-bochnia.pl\/dlugi-sweter-najczesciej-zadawane-pytania-o-stylizacje\/#breadcrumb","itemListElement":[{"@type":"ListItem","position":1,"name":"Home","item":"https:\/\/dobraterapia-bochnia.pl\/"},{"@type":"ListItem","position":2,"name":"D\u0142ugi sweter \u2013 najcz\u0119\u015bciej zadawane pytania o stylizacje"}]},{"@type":"WebSite","@id":"https:\/\/dobraterapia-bochnia.pl\/#website","url":"https:\/\/dobraterapia-bochnia.pl\/","name":"Ozdoby Poland","description":"Ozdoby do auta \u2013 styl i charakter twojego pojazdu!","potentialAction":[{"@type":"SearchAction","target":{"@type":"EntryPoint","urlTemplate":"https:\/\/dobraterapia-bochnia.pl\/?s={search_term_string}"},"query-input":"required name=search_term_string"}],"inLanguage":"ro-RO"},{"@type":"Person","@id":"https:\/\/dobraterapia-bochnia.pl\/#\/schema\/person\/723ee187e93036e7fa925b480f9437b9","name":"Jerzy Michalak","image":{"@type":"ImageObject","inLanguage":"ro-RO","@id":"https:\/\/dobraterapia-bochnia.pl\/#\/schema\/person\/image\/","url":"https:\/\/dobraterapia-bochnia.pl\/wp-content\/uploads\/jerzy-michalak_avatar-96x96.jpg","contentUrl":"https:\/\/dobraterapia-bochnia.pl\/wp-content\/uploads\/jerzy-michalak_avatar-96x96.jpg","caption":"Jerzy Michalak"},"url":"https:\/\/dobraterapia-bochnia.pl\/ro\/author\/jerzy-michalak\/"}]}},"yoast_meta":{"yoast_wpseo_title":"","yoast_wpseo_metadesc":"","yoast_wpseo_canonical":"https:\/\/dobraterapia-bochnia.pl\/ro\/wp-json\/wp\/v2\/posts\/477"},"_links":{"self":[{"href":"https:\/\/dobraterapia-bochnia.pl\/ro\/wp-json\/wp\/v2\/posts\/477"}],"collection":[{"href":"https:\/\/dobraterapia-bochnia.pl\/ro\/wp-json\/wp\/v2\/posts"}],"about":[{"href":"https:\/\/dobraterapia-bochnia.pl\/ro\/wp-json\/wp\/v2\/types\/post"}],"author":[{"embeddable":true,"href":"https:\/\/dobraterapia-bochnia.pl\/ro\/wp-json\/wp\/v2\/users\/1"}],"replies":[{"embeddable":true,"href":"https:\/\/dobraterapia-bochnia.pl\/ro\/wp-json\/wp\/v2\/comments?post=477"}],"version-history":[{"count":1,"href":"https:\/\/dobraterapia-bochnia.pl\/ro\/wp-json\/wp\/v2\/posts\/477\/revisions"}],"predecessor-version":[{"id":490,"href":"https:\/\/dobraterapia-bochnia.pl\/ro\/wp-json\/wp\/v2\/posts\/477\/revisions\/490"}],"wp:featuredmedia":[{"embeddable":true,"href":"https:\/\/dobraterapia-bochnia.pl\/ro\/wp-json\/wp\/v2\/media\/459"}],"wp:attachment":[{"href":"https:\/\/dobraterapia-bochnia.pl\/ro\/wp-json\/wp\/v2\/media?parent=477"}],"wp:term":[{"taxonomy":"category","embeddable":true,"href":"https:\/\/dobraterapia-bochnia.pl\/ro\/wp-json\/wp\/v2\/categories?post=477"},{"taxonomy":"post_tag","embeddable":true,"href":"https:\/\/dobraterapia-bochnia.pl\/ro\/wp-json\/wp\/v2\/tags?post=477"}],"curies":[{"name":"wp","href":"https:\/\/api.w.org\/{rel}","templated":true}]}}