{"id":479,"date":"2025-04-11T00:00:00","date_gmt":"2025-04-10T23:00:00","guid":{"rendered":"https:\/\/dobraterapia-bochnia.pl\/?p=479"},"modified":"2025-04-11T00:00:00","modified_gmt":"2025-04-10T23:00:00","slug":"sukienki-mini-na-co-dzien-historia-i-ewolucja-fasonu","status":"publish","type":"post","link":"https:\/\/dobraterapia-bochnia.pl\/ro\/sukienki-mini-na-co-dzien-historia-i-ewolucja-fasonu\/","title":{"rendered":"Rochii mini de zi cu zi \u2013 Istoria \u0219i evolu\u021bia stilului"},"content":{"rendered":"<div class=\"kk-star-ratings kksr-auto kksr-align-left kksr-valign-top\"\n    data-payload='{&quot;align&quot;:&quot;left&quot;,&quot;id&quot;:&quot;479&quot;,&quot;slug&quot;:&quot;default&quot;,&quot;valign&quot;:&quot;top&quot;,&quot;ignore&quot;:&quot;&quot;,&quot;reference&quot;:&quot;auto&quot;,&quot;class&quot;:&quot;&quot;,&quot;count&quot;:&quot;0&quot;,&quot;legendonly&quot;:&quot;&quot;,&quot;readonly&quot;:&quot;&quot;,&quot;score&quot;:&quot;0&quot;,&quot;starsonly&quot;:&quot;&quot;,&quot;best&quot;:&quot;5&quot;,&quot;gap&quot;:&quot;5&quot;,&quot;greet&quot;:&quot;&quot;,&quot;legend&quot;:&quot;0\\\/5 - (0 votes)&quot;,&quot;size&quot;:&quot;24&quot;,&quot;title&quot;:&quot;Sukienki mini na co dzie\u0144 \u2013 historia i ewolucja fasonu&quot;,&quot;width&quot;:&quot;0&quot;,&quot;_legend&quot;:&quot;{score}\\\/{best} - ({count} {votes})&quot;,&quot;font_factor&quot;:&quot;1.25&quot;}'>\n            \n<div class=\"kksr-stars\">\n    \n<div class=\"kksr-stars-inactive\">\n            <div class=\"kksr-star\" data-star=\"1\" style=\"padding-right: 5px\">\n            \n\n<div class=\"kksr-icon\" style=\"width: 24px; height: 24px;\"><\/div>\n        <\/div>\n            <div class=\"kksr-star\" data-star=\"2\" style=\"padding-right: 5px\">\n            \n\n<div class=\"kksr-icon\" style=\"width: 24px; height: 24px;\"><\/div>\n        <\/div>\n            <div class=\"kksr-star\" data-star=\"3\" style=\"padding-right: 5px\">\n            \n\n<div class=\"kksr-icon\" style=\"width: 24px; height: 24px;\"><\/div>\n        <\/div>\n            <div class=\"kksr-star\" data-star=\"4\" style=\"padding-right: 5px\">\n            \n\n<div class=\"kksr-icon\" style=\"width: 24px; height: 24px;\"><\/div>\n        <\/div>\n            <div class=\"kksr-star\" data-star=\"5\" style=\"padding-right: 5px\">\n            \n\n<div class=\"kksr-icon\" style=\"width: 24px; height: 24px;\"><\/div>\n        <\/div>\n    <\/div>\n    \n<div class=\"kksr-stars-active\" style=\"width: 0px;\">\n            <div class=\"kksr-star\" style=\"padding-right: 5px\">\n            \n\n<div class=\"kksr-icon\" style=\"width: 24px; height: 24px;\"><\/div>\n        <\/div>\n            <div class=\"kksr-star\" style=\"padding-right: 5px\">\n            \n\n<div class=\"kksr-icon\" style=\"width: 24px; height: 24px;\"><\/div>\n        <\/div>\n            <div class=\"kksr-star\" style=\"padding-right: 5px\">\n            \n\n<div class=\"kksr-icon\" style=\"width: 24px; height: 24px;\"><\/div>\n        <\/div>\n            <div class=\"kksr-star\" style=\"padding-right: 5px\">\n            \n\n<div class=\"kksr-icon\" style=\"width: 24px; height: 24px;\"><\/div>\n        <\/div>\n            <div class=\"kksr-star\" style=\"padding-right: 5px\">\n            \n\n<div class=\"kksr-icon\" style=\"width: 24px; height: 24px;\"><\/div>\n        <\/div>\n    <\/div>\n<\/div>\n                \n\n<div class=\"kksr-legend\" style=\"font-size: 19.2px;\">\n            <span class=\"kksr-muted\"><\/span>\n    <\/div>\n    <\/div>\n<p>Sukienki mini to nie tylko modowy trend, ale symbol wyzwolenia i swobody, kt\u00f3ry przeszed\u0142 d\u0142ug\u0105 drog\u0119 od swoich pocz\u0105tk\u00f3w w latach 60. XX wieku. Z biegiem lat fason ten wci\u0105\u017c ewoluuje, inspirowany r\u00f3\u017cnorodnymi stylami i kulturami. Dzi\u015b sukienki mini s\u0105 uwa\u017cane za element codziennej garderoby, nie tylko na specjalne okazje, ale tak\u017ce jako doskona\u0142a opcja na co dzie\u0144. W poni\u017cszym artykule przyjrzymy si\u0119 ich historii, r\u00f3\u017cnorodno\u015bci oraz temu, jak nosi\u0107 sukienki mini w codziennych stylizacjach. Przygotujcie si\u0119 na fascynuj\u0105c\u0105 podr\u00f3\u017c po \u015bwiecie mody, kt\u00f3ra z pewno\u015bci\u0105 zainspiruje Was do kreatywno\u015bci i eksperymentowania z w\u0142asnymi zestawami.<\/p>\n<p>Od pierwszych krok\u00f3w sukienek mini na szczycie mody do ich dzisiejszej uniwersalno\u015bci, zobaczymy, jak fason ten przekszta\u0142ca\u0142 si\u0119 i wp\u0142ywa\u0142 na nasz\u0105 codzienno\u015b\u0107. Sukienki mini sta\u0142y si\u0119 symbolem odwagi i indywidualizmu, a ich popularno\u015b\u0107 odzwierciedla zmiany spo\u0142eczne zachodz\u0105ce na przestrzeni lat. Jakie jeszcze sekrety kryj\u0105 sukienki mini? Odpowiedzi znajdziesz w kolejnych cz\u0119\u015bciach tego artyku\u0142u.<\/p>\n<h2>Pocz\u0105tki sukienek mini<\/h2>\n<p><img decoding=\"async\" alt=\"W galerii mody wieszaki z kolorowymi ubraniami w nowoczesnym wn\u0119trzu sklepu odzie\u017cowego.\" src=\"https:\/\/dobraterapia-bochnia.pl\/wp-content\/uploads\/image80e98b6c72184d73a8261b04a316c9b6.png\"\/><\/p>\n<p>Sukienki mini zyska\u0142y szerokie uznanie w latach 60., kiedy to ich tw\u00f3rczyni, Mary Quant, zinterpretowa\u0142a mod\u0119 na nowo. Wywo\u0142a\u0142y one prawdziw\u0105 rewolucj\u0119 w \u015bwiecie mody, przyci\u0105gaj\u0105c uwag\u0119 m\u0142odych kobiet, kt\u00f3re pragn\u0119\u0142y odzwierciedli\u0107 swoje pragnienia i aspiracje. Sukienki sta\u0142y si\u0119 ostentacyjnym wyrazem wolno\u015bci, a ich kr\u00f3tki kr\u00f3j podkre\u015bla\u0142 pewno\u015b\u0107 siebie i zmys\u0142owo\u015b\u0107. Przez lata ich popularno\u015b\u0107 wzrasta\u0142a i opada\u0142a, jednak jedno pozosta\u0142o niezmienne \u2013 ka\u017cda dekada mia\u0142a swoje ikony, kt\u00f3re inspirowa\u0142y i definiowa\u0142y ten fason na nowo.<\/p>\n<p>W latach 60. i 70. XX wieku, sukienki mini zdominowa\u0142y ulice, a nazwy takie jak Twiggy czy Brigitte Bardot sta\u0142y si\u0119 synonimem tego stylu. Ikony te nie tylko prezentowa\u0142y sukienki mini w swoich stylizacjach, ale r\u00f3wnie\u017c wp\u0142ywa\u0142y na \u00f3wczesn\u0105 kultur\u0119. Prezentacje mody na wybiegach ukazywa\u0142y r\u00f3\u017cnorodno\u015b\u0107 fason\u00f3w i wzor\u00f3w, kt\u00f3re przyci\u0105ga\u0142y wzrok i wywo\u0142ywa\u0142y zachwyt.<\/p>\n<p>Obecnie mo\u017cemy zaobserwowa\u0107 wp\u0142ywy tych lat w nowoczesnych interpretacjach sukienek mini. Ca\u0142e pokolenia projektant\u00f3w inspirowa\u0142y si\u0119 tamtymi czasami, tworz\u0105c niepowtarzalne kolekcje. Sukienki mini z lat 60. i 70. stanowi\u0105 wa\u017cny element wsp\u00f3\u0142czesnej mody codziennej, dowodz\u0105c, \u017ce klasyka nigdy nie wychodzi z mody.<\/p>\n<h2>Zmiany w modzie i ich wp\u0142yw na fason sukienek mini<\/h2>\n<p><img decoding=\"async\" alt=\"Sze\u015b\u0107 u\u015bmiechni\u0119tych kobiet w kolorowych sukienkach stoi razem w s\u0142onecznym parku, ciesz\u0105c si\u0119 chwil\u0105.\" src=\"https:\/\/dobraterapia-bochnia.pl\/wp-content\/uploads\/imagecd03b70c038d44ffb52b016e80e54ca7.png\"\/><\/p>\n<p>Na przestrzeni lat sukienki mini dostosowywa\u0142y si\u0119 do zmieniaj\u0105cych si\u0119 trend\u00f3w i oczekiwa\u0144 kobiet. Od kolor\u00f3w, przez materia\u0142y, a\u017c po kroje \u2013 wszystko to wp\u0142ywa\u0142o na postrzeganie sukienek mini w r\u00f3\u017cnych dekadach. W latach 80. dominowa\u0142y odwa\u017cne kolory i nietypowe kroje, natomiast w latach 90. pojawi\u0142y si\u0119 elementy grunge oraz minimalistyczne podej\u015bcie do mody.<\/p>\n<table border=\"1\">\n<tr>\n<th>Dekada<\/th>\n<th>Styl i kolory<\/th>\n<th>Inspiracje<\/th>\n<\/tr>\n<tr>\n<td>1960<\/td>\n<td>Pastelowe barwy, geometryczne wzory<\/td>\n<td>Rewolucja seksualna, m\u0142odzie\u017cowa kultura<\/td>\n<\/tr>\n<tr>\n<td>1980<\/td>\n<td>Neony, wielowarstwowe stylizacje<\/td>\n<td>Muzyka pop, wyzwolenie kobiet<\/td>\n<\/tr>\n<tr>\n<td>1990<\/td>\n<td>Kolory stonowane, akcenty grunge<\/td>\n<td>Subkultury, minimalistyczny styl<\/td>\n<\/tr>\n<\/table>\n<p>Obecnie sukienki mini dla wielu kobiet to nie tylko modowy wyb\u00f3r, ale tak\u017ce spos\u00f3b na wyra\u017cenie ich indywidualno\u015bci. Kolejnym ciekawym aspektem jest fakt, \u017ce sukienki mini zmieniaj\u0105 si\u0119 w zale\u017cno\u015bci od kultury, w jakiej s\u0105 noszone. W krajach zachodnich sta\u0142y si\u0119 zwierciad\u0142em personalizacji mody, natomiast w innych cz\u0119\u015bciach \u015bwiata jeszcze wci\u0105\u017c budz\u0105 kontrowersje.<\/p>\n<h2>Sukienki mini w XXI wieku<\/h2>\n<p>W dobie XXI wieku sukienki mini nadal utrzymuj\u0105 si\u0119 w czo\u0142\u00f3wce mody, adaptuj\u0105c si\u0119 do potrzeb wsp\u00f3\u0142czesnych kobiet. Obecnie, ich szeroka gama kroj\u00f3w, wzor\u00f3w oraz kolor\u00f3w sprawia, \u017ce ka\u017cda kobieta mo\u017ce znale\u017a\u0107 idealn\u0105 sukienk\u0119 dla siebie. Ciesz\u0105 si\u0119 popularno\u015bci\u0105 nie tylko w codziennych stylizacjach, ale r\u00f3wnie\u017c na r\u00f3\u017cnych wydarzeniach, od imprez po bardziej formalne okazje.<\/p>\n<p>Stylizacja sukienki mini na co dzie\u0144 sta\u0142a si\u0119 sztuk\u0105, kt\u00f3ra pozwala na wykorzystanie kreatywno\u015bci. Mo\u017cna je zestawia\u0107 zar\u00f3wno z casualowymi dodatkami, jak i eleganckimi akcesoriami. Poni\u017cej przedstawiamy kilka wskaz\u00f3wek dotycz\u0105cych stylizacji sukienek mini:<\/p>\n<ul>\n<li>\u0106wicz r\u00f3\u017cne kombinacje: sukienki mini \u015bwietnie prezentuj\u0105 si\u0119 z jeansowymi kurtkami, kardiganami czy sk\u00f3rzanymi ramoneskami.<\/li>\n<li>Wybieraj odpowiednie obuwie: sneakersy, baleriny, a tak\u017ce wysokie obcasy doskonale wsp\u00f3\u0142graj\u0105 z sukienkami mini.<\/li>\n<li>Dodatki: torby na rami\u0119, modne okulary przeciws\u0142oneczne oraz bi\u017cuteria mog\u0105 zmieni\u0107 ka\u017cdy zestaw w co\u015b wyj\u0105tkowego.<\/li>\n<\/ul>\n<p>Warto te\u017c zwr\u00f3ci\u0107 uwag\u0119 na kolory i wzory sukienek mini, kt\u00f3re mog\u0105 znacz\u0105co wp\u0142yn\u0105\u0107 na wra\u017cenie konkretnej stylizacji. Tradycyjne kolory, jak czarny i bia\u0142y, ale r\u00f3wnie\u017c trendy, takie jak pastele czy soczyste odcienie \u2013 wszystkie te elementy wprowadzaj\u0105 r\u00f3\u017cnorodno\u015b\u0107 do codziennej garderoby.<\/p>\n<h2>Rezumat<\/h2>\n<p>Sukienki mini przesz\u0142y d\u0142ug\u0105 drog\u0119, staj\u0105c si\u0119 nie tylko symbolem konkretnej epoki, ale tak\u017ce istotnym elementem wsp\u00f3\u0142czesnej mody. Ich ewolucja pokazuje, jak moda potrafi si\u0119 zmienia\u0107, dostosowuj\u0105c si\u0119 do oczekiwa\u0144 spo\u0142ecznych i kulturowych. Dzi\u015b, sukienki mini s\u0105 wybierane przez kobiety na ca\u0142ym \u015bwiecie, kt\u00f3re doceni\u0105 ich wygod\u0119 i wszechstronno\u015b\u0107.<\/p>\n<p>Zrozumienie ich historii i ewolucji mo\u017ce pom\u00f3c ka\u017cdej kobiecie w \u015bwiadomym dobieraniu element\u00f3w swojej garderoby. Sukienki mini to nie tylko kawa\u0142ek materia\u0142u; to prawdziwy manifest indywidualizmu, kt\u00f3ry mo\u017cemy nosi\u0107 na co dzie\u0144. Ka\u017cdy z nas ma szans\u0119 na stworzenie unikalnego stylu, kt\u00f3ry z pewno\u015bci\u0105 wyr\u00f3\u017cni nas w t\u0142umie.<\/p>\n<h2>\u00centreb\u0103ri frecvente<\/h2>\n<ul>\n<li><strong>Jakie materia\u0142y s\u0105 najlepsze na sukienki mini?<\/strong><br \/>Najlepiej sprawdz\u0105 si\u0119 bawe\u0142na, len, wiskoza oraz tkaniny elastyczne, kt\u00f3re zapewniaj\u0105 komfort noszenia.<\/li>\n<li><strong>Czy sukienki mini s\u0105 odpowiednie na formalne okazje?<\/strong><br \/>Tak, je\u015bli s\u0105 odpowiednio stylizowane, np. z eleganckimi butami i dodatkami.<\/li>\n<li><strong>Jakie s\u0105 najpopularniejsze kolory sukienek mini na co dzie\u0144?<\/strong><br \/>Najcz\u0119\u015bciej wybierane kolory to czarny, granatowy, bia\u0142y oraz pastele.<\/li>\n<li><strong>Czy sukienki mini pasuj\u0105 do ka\u017cdej figury?<\/strong><br \/>Tak, kluczem jest dob\u00f3r odpowiedniego kroju i d\u0142ugo\u015bci, kt\u00f3re podkre\u015bl\u0105 atuty sylwetki.<\/li>\n<li><strong>Jakie akcesoria najlepiej pasuj\u0105 do sukienek mini?<\/strong><br \/>Doskonale komponuj\u0105 si\u0119 zar\u00f3wno klasyczne torebki, jak i modne sneakersy czy szpilki, w zale\u017cno\u015bci od stylizacji.<\/li>\n<\/ul>","protected":false},"excerpt":{"rendered":"<p>Rochiile mini nu sunt doar o tendin\u021b\u0103 \u00een mod\u0103, ci un simbol al eliber\u0103rii \u0219i libert\u0103\u021bii care a parcurs un drum lung de la \u00eenceputurile sale \u00een...<\/p>","protected":false},"author":1,"featured_media":462,"comment_status":"closed","ping_status":"closed","sticky":false,"template":"","format":"standard","meta":{"_acf_changed":false,"footnotes":""},"categories":[1],"tags":[],"class_list":["post-479","post","type-post","status-publish","format-standard","has-post-thumbnail","hentry","category-akcesoria-samochodowe"],"acf":[],"yoast_head":"<!-- This site is optimized with the Yoast SEO plugin v23.2 - https:\/\/yoast.com\/wordpress\/plugins\/seo\/ -->\n<title>Sukienki mini na co dzie\u0144 \u2013 historia i ewolucja fasonu<\/title>\n<meta name=\"description\" content=\"Odkryj fascynuj\u0105c\u0105 histori\u0119 sukienek mini, ich ewolucj\u0119 oraz jak nosi\u0107 je w codziennych stylizacjach. Znajd\u017a inspiracj\u0119 na co dzie\u0144!\" \/>\n<meta name=\"robots\" content=\"index, follow, max-snippet:-1, max-image-preview:large, max-video-preview:-1\" \/>\n<link rel=\"canonical\" href=\"https:\/\/dobraterapia-bochnia.pl\/ro\/sukienki-mini-na-co-dzien-historia-i-ewolucja-fasonu\/\" \/>\n<meta property=\"og:locale\" content=\"ro_RO\" \/>\n<meta property=\"og:type\" content=\"article\" \/>\n<meta property=\"og:title\" content=\"Sukienki mini na co dzie\u0144 \u2013 historia i ewolucja fasonu\" \/>\n<meta property=\"og:description\" content=\"Odkryj fascynuj\u0105c\u0105 histori\u0119 sukienek mini, ich ewolucj\u0119 oraz jak nosi\u0107 je w codziennych stylizacjach. Znajd\u017a inspiracj\u0119 na co dzie\u0144!\" \/>\n<meta property=\"og:url\" content=\"https:\/\/dobraterapia-bochnia.pl\/ro\/sukienki-mini-na-co-dzien-historia-i-ewolucja-fasonu\/\" \/>\n<meta property=\"og:site_name\" content=\"Ozdoby Poland\" \/>\n<meta property=\"article:published_time\" content=\"2025-04-10T23:00:00+00:00\" \/>\n<meta property=\"og:image\" content=\"https:\/\/dobraterapia-bochnia.pl\/wp-content\/uploads\/imaged32b172528ac43798a4e80233ba28573.png\" \/>\n\t<meta property=\"og:image:width\" content=\"1024\" \/>\n\t<meta property=\"og:image:height\" content=\"768\" \/>\n\t<meta property=\"og:image:type\" content=\"image\/png\" \/>\n<meta name=\"author\" content=\"Jerzy Michalak\" \/>\n<meta name=\"twitter:card\" content=\"summary_large_image\" \/>\n<meta name=\"twitter:label1\" content=\"Scris de\" \/>\n\t<meta name=\"twitter:data1\" content=\"Jerzy Michalak\" \/>\n\t<meta name=\"twitter:label2\" content=\"Timp estimat pentru citire\" \/>\n\t<meta name=\"twitter:data2\" content=\"5 minute\" \/>\n<script type=\"application\/ld+json\" class=\"yoast-schema-graph\">{\"@context\":\"https:\/\/schema.org\",\"@graph\":[{\"@type\":\"WebPage\",\"@id\":\"https:\/\/dobraterapia-bochnia.pl\/sukienki-mini-na-co-dzien-historia-i-ewolucja-fasonu\/\",\"url\":\"https:\/\/dobraterapia-bochnia.pl\/sukienki-mini-na-co-dzien-historia-i-ewolucja-fasonu\/\",\"name\":\"Sukienki mini na co dzie\u0144 \u2013 historia i ewolucja fasonu\",\"isPartOf\":{\"@id\":\"https:\/\/dobraterapia-bochnia.pl\/#website\"},\"primaryImageOfPage\":{\"@id\":\"https:\/\/dobraterapia-bochnia.pl\/sukienki-mini-na-co-dzien-historia-i-ewolucja-fasonu\/#primaryimage\"},\"image\":{\"@id\":\"https:\/\/dobraterapia-bochnia.pl\/sukienki-mini-na-co-dzien-historia-i-ewolucja-fasonu\/#primaryimage\"},\"thumbnailUrl\":\"https:\/\/dobraterapia-bochnia.pl\/wp-content\/uploads\/imaged32b172528ac43798a4e80233ba28573.png\",\"datePublished\":\"2025-04-10T23:00:00+00:00\",\"dateModified\":\"2025-04-10T23:00:00+00:00\",\"author\":{\"@id\":\"https:\/\/dobraterapia-bochnia.pl\/#\/schema\/person\/723ee187e93036e7fa925b480f9437b9\"},\"description\":\"Odkryj fascynuj\u0105c\u0105 histori\u0119 sukienek mini, ich ewolucj\u0119 oraz jak nosi\u0107 je w codziennych stylizacjach. Znajd\u017a inspiracj\u0119 na co dzie\u0144!\",\"breadcrumb\":{\"@id\":\"https:\/\/dobraterapia-bochnia.pl\/sukienki-mini-na-co-dzien-historia-i-ewolucja-fasonu\/#breadcrumb\"},\"inLanguage\":\"ro-RO\",\"potentialAction\":[{\"@type\":\"ReadAction\",\"target\":[\"https:\/\/dobraterapia-bochnia.pl\/sukienki-mini-na-co-dzien-historia-i-ewolucja-fasonu\/\"]}]},{\"@type\":\"ImageObject\",\"inLanguage\":\"ro-RO\",\"@id\":\"https:\/\/dobraterapia-bochnia.pl\/sukienki-mini-na-co-dzien-historia-i-ewolucja-fasonu\/#primaryimage\",\"url\":\"https:\/\/dobraterapia-bochnia.pl\/wp-content\/uploads\/imaged32b172528ac43798a4e80233ba28573.png\",\"contentUrl\":\"https:\/\/dobraterapia-bochnia.pl\/wp-content\/uploads\/imaged32b172528ac43798a4e80233ba28573.png\",\"width\":1024,\"height\":768},{\"@type\":\"BreadcrumbList\",\"@id\":\"https:\/\/dobraterapia-bochnia.pl\/sukienki-mini-na-co-dzien-historia-i-ewolucja-fasonu\/#breadcrumb\",\"itemListElement\":[{\"@type\":\"ListItem\",\"position\":1,\"name\":\"Home\",\"item\":\"https:\/\/dobraterapia-bochnia.pl\/\"},{\"@type\":\"ListItem\",\"position\":2,\"name\":\"Sukienki mini na co dzie\u0144 \u2013 historia i ewolucja fasonu\"}]},{\"@type\":\"WebSite\",\"@id\":\"https:\/\/dobraterapia-bochnia.pl\/#website\",\"url\":\"https:\/\/dobraterapia-bochnia.pl\/\",\"name\":\"Ozdoby Poland\",\"description\":\"Ozdoby do auta \u2013 styl i charakter twojego pojazdu!\",\"potentialAction\":[{\"@type\":\"SearchAction\",\"target\":{\"@type\":\"EntryPoint\",\"urlTemplate\":\"https:\/\/dobraterapia-bochnia.pl\/?s={search_term_string}\"},\"query-input\":\"required name=search_term_string\"}],\"inLanguage\":\"ro-RO\"},{\"@type\":\"Person\",\"@id\":\"https:\/\/dobraterapia-bochnia.pl\/#\/schema\/person\/723ee187e93036e7fa925b480f9437b9\",\"name\":\"Jerzy Michalak\",\"image\":{\"@type\":\"ImageObject\",\"inLanguage\":\"ro-RO\",\"@id\":\"https:\/\/dobraterapia-bochnia.pl\/#\/schema\/person\/image\/\",\"url\":\"https:\/\/dobraterapia-bochnia.pl\/wp-content\/uploads\/jerzy-michalak_avatar-96x96.jpg\",\"contentUrl\":\"https:\/\/dobraterapia-bochnia.pl\/wp-content\/uploads\/jerzy-michalak_avatar-96x96.jpg\",\"caption\":\"Jerzy Michalak\"},\"url\":\"https:\/\/dobraterapia-bochnia.pl\/ro\/author\/jerzy-michalak\/\"}]}<\/script>\n<!-- \/ Yoast SEO plugin. -->","yoast_head_json":{"title":"Sukienki mini na co dzie\u0144 \u2013 historia i ewolucja fasonu","description":"Odkryj fascynuj\u0105c\u0105 histori\u0119 sukienek mini, ich ewolucj\u0119 oraz jak nosi\u0107 je w codziennych stylizacjach. Znajd\u017a inspiracj\u0119 na co dzie\u0144!","robots":{"index":"index","follow":"follow","max-snippet":"max-snippet:-1","max-image-preview":"max-image-preview:large","max-video-preview":"max-video-preview:-1"},"canonical":"https:\/\/dobraterapia-bochnia.pl\/ro\/sukienki-mini-na-co-dzien-historia-i-ewolucja-fasonu\/","og_locale":"ro_RO","og_type":"article","og_title":"Sukienki mini na co dzie\u0144 \u2013 historia i ewolucja fasonu","og_description":"Odkryj fascynuj\u0105c\u0105 histori\u0119 sukienek mini, ich ewolucj\u0119 oraz jak nosi\u0107 je w codziennych stylizacjach. Znajd\u017a inspiracj\u0119 na co dzie\u0144!","og_url":"https:\/\/dobraterapia-bochnia.pl\/ro\/sukienki-mini-na-co-dzien-historia-i-ewolucja-fasonu\/","og_site_name":"Ozdoby Poland","article_published_time":"2025-04-10T23:00:00+00:00","og_image":[{"width":1024,"height":768,"url":"https:\/\/dobraterapia-bochnia.pl\/wp-content\/uploads\/imaged32b172528ac43798a4e80233ba28573.png","type":"image\/png"}],"author":"Jerzy Michalak","twitter_card":"summary_large_image","twitter_misc":{"Scris de":"Jerzy Michalak","Timp estimat pentru citire":"5 minute"},"schema":{"@context":"https:\/\/schema.org","@graph":[{"@type":"WebPage","@id":"https:\/\/dobraterapia-bochnia.pl\/sukienki-mini-na-co-dzien-historia-i-ewolucja-fasonu\/","url":"https:\/\/dobraterapia-bochnia.pl\/sukienki-mini-na-co-dzien-historia-i-ewolucja-fasonu\/","name":"Sukienki mini na co dzie\u0144 \u2013 historia i ewolucja fasonu","isPartOf":{"@id":"https:\/\/dobraterapia-bochnia.pl\/#website"},"primaryImageOfPage":{"@id":"https:\/\/dobraterapia-bochnia.pl\/sukienki-mini-na-co-dzien-historia-i-ewolucja-fasonu\/#primaryimage"},"image":{"@id":"https:\/\/dobraterapia-bochnia.pl\/sukienki-mini-na-co-dzien-historia-i-ewolucja-fasonu\/#primaryimage"},"thumbnailUrl":"https:\/\/dobraterapia-bochnia.pl\/wp-content\/uploads\/imaged32b172528ac43798a4e80233ba28573.png","datePublished":"2025-04-10T23:00:00+00:00","dateModified":"2025-04-10T23:00:00+00:00","author":{"@id":"https:\/\/dobraterapia-bochnia.pl\/#\/schema\/person\/723ee187e93036e7fa925b480f9437b9"},"description":"Odkryj fascynuj\u0105c\u0105 histori\u0119 sukienek mini, ich ewolucj\u0119 oraz jak nosi\u0107 je w codziennych stylizacjach. Znajd\u017a inspiracj\u0119 na co dzie\u0144!","breadcrumb":{"@id":"https:\/\/dobraterapia-bochnia.pl\/sukienki-mini-na-co-dzien-historia-i-ewolucja-fasonu\/#breadcrumb"},"inLanguage":"ro-RO","potentialAction":[{"@type":"ReadAction","target":["https:\/\/dobraterapia-bochnia.pl\/sukienki-mini-na-co-dzien-historia-i-ewolucja-fasonu\/"]}]},{"@type":"ImageObject","inLanguage":"ro-RO","@id":"https:\/\/dobraterapia-bochnia.pl\/sukienki-mini-na-co-dzien-historia-i-ewolucja-fasonu\/#primaryimage","url":"https:\/\/dobraterapia-bochnia.pl\/wp-content\/uploads\/imaged32b172528ac43798a4e80233ba28573.png","contentUrl":"https:\/\/dobraterapia-bochnia.pl\/wp-content\/uploads\/imaged32b172528ac43798a4e80233ba28573.png","width":1024,"height":768},{"@type":"BreadcrumbList","@id":"https:\/\/dobraterapia-bochnia.pl\/sukienki-mini-na-co-dzien-historia-i-ewolucja-fasonu\/#breadcrumb","itemListElement":[{"@type":"ListItem","position":1,"name":"Home","item":"https:\/\/dobraterapia-bochnia.pl\/"},{"@type":"ListItem","position":2,"name":"Sukienki mini na co dzie\u0144 \u2013 historia i ewolucja fasonu"}]},{"@type":"WebSite","@id":"https:\/\/dobraterapia-bochnia.pl\/#website","url":"https:\/\/dobraterapia-bochnia.pl\/","name":"Ozdoby Poland","description":"Ozdoby do auta \u2013 styl i charakter twojego pojazdu!","potentialAction":[{"@type":"SearchAction","target":{"@type":"EntryPoint","urlTemplate":"https:\/\/dobraterapia-bochnia.pl\/?s={search_term_string}"},"query-input":"required name=search_term_string"}],"inLanguage":"ro-RO"},{"@type":"Person","@id":"https:\/\/dobraterapia-bochnia.pl\/#\/schema\/person\/723ee187e93036e7fa925b480f9437b9","name":"Jerzy Michalak","image":{"@type":"ImageObject","inLanguage":"ro-RO","@id":"https:\/\/dobraterapia-bochnia.pl\/#\/schema\/person\/image\/","url":"https:\/\/dobraterapia-bochnia.pl\/wp-content\/uploads\/jerzy-michalak_avatar-96x96.jpg","contentUrl":"https:\/\/dobraterapia-bochnia.pl\/wp-content\/uploads\/jerzy-michalak_avatar-96x96.jpg","caption":"Jerzy Michalak"},"url":"https:\/\/dobraterapia-bochnia.pl\/ro\/author\/jerzy-michalak\/"}]}},"yoast_meta":{"yoast_wpseo_title":"","yoast_wpseo_metadesc":"","yoast_wpseo_canonical":"https:\/\/dobraterapia-bochnia.pl\/ro\/wp-json\/wp\/v2\/posts\/479"},"_links":{"self":[{"href":"https:\/\/dobraterapia-bochnia.pl\/ro\/wp-json\/wp\/v2\/posts\/479"}],"collection":[{"href":"https:\/\/dobraterapia-bochnia.pl\/ro\/wp-json\/wp\/v2\/posts"}],"about":[{"href":"https:\/\/dobraterapia-bochnia.pl\/ro\/wp-json\/wp\/v2\/types\/post"}],"author":[{"embeddable":true,"href":"https:\/\/dobraterapia-bochnia.pl\/ro\/wp-json\/wp\/v2\/users\/1"}],"replies":[{"embeddable":true,"href":"https:\/\/dobraterapia-bochnia.pl\/ro\/wp-json\/wp\/v2\/comments?post=479"}],"version-history":[{"count":1,"href":"https:\/\/dobraterapia-bochnia.pl\/ro\/wp-json\/wp\/v2\/posts\/479\/revisions"}],"predecessor-version":[{"id":489,"href":"https:\/\/dobraterapia-bochnia.pl\/ro\/wp-json\/wp\/v2\/posts\/479\/revisions\/489"}],"wp:featuredmedia":[{"embeddable":true,"href":"https:\/\/dobraterapia-bochnia.pl\/ro\/wp-json\/wp\/v2\/media\/462"}],"wp:attachment":[{"href":"https:\/\/dobraterapia-bochnia.pl\/ro\/wp-json\/wp\/v2\/media?parent=479"}],"wp:term":[{"taxonomy":"category","embeddable":true,"href":"https:\/\/dobraterapia-bochnia.pl\/ro\/wp-json\/wp\/v2\/categories?post=479"},{"taxonomy":"post_tag","embeddable":true,"href":"https:\/\/dobraterapia-bochnia.pl\/ro\/wp-json\/wp\/v2\/tags?post=479"}],"curies":[{"name":"wp","href":"https:\/\/api.w.org\/{rel}","templated":true}]}}