{"id":482,"date":"2025-04-14T00:00:00","date_gmt":"2025-04-13T23:00:00","guid":{"rendered":"https:\/\/dobraterapia-bochnia.pl\/?p=482"},"modified":"2025-04-14T00:00:00","modified_gmt":"2025-04-13T23:00:00","slug":"jaki-sweter-do-czarnych-spodni-z-odkrytymi-ramionami","status":"publish","type":"post","link":"https:\/\/dobraterapia-bochnia.pl\/ro\/jaki-sweter-do-czarnych-spodni-z-odkrytymi-ramionami\/","title":{"rendered":"Ce pulover s\u0103 por\u021bi cu pantaloni negri cu umerii goi?"},"content":{"rendered":"<div class=\"kk-star-ratings kksr-auto kksr-align-left kksr-valign-top\"\n    data-payload='{&quot;align&quot;:&quot;left&quot;,&quot;id&quot;:&quot;482&quot;,&quot;slug&quot;:&quot;default&quot;,&quot;valign&quot;:&quot;top&quot;,&quot;ignore&quot;:&quot;&quot;,&quot;reference&quot;:&quot;auto&quot;,&quot;class&quot;:&quot;&quot;,&quot;count&quot;:&quot;0&quot;,&quot;legendonly&quot;:&quot;&quot;,&quot;readonly&quot;:&quot;&quot;,&quot;score&quot;:&quot;0&quot;,&quot;starsonly&quot;:&quot;&quot;,&quot;best&quot;:&quot;5&quot;,&quot;gap&quot;:&quot;5&quot;,&quot;greet&quot;:&quot;&quot;,&quot;legend&quot;:&quot;0\\\/5 - (0 votes)&quot;,&quot;size&quot;:&quot;24&quot;,&quot;title&quot;:&quot;Jaki sweter do czarnych spodni z odkrytymi ramionami?&quot;,&quot;width&quot;:&quot;0&quot;,&quot;_legend&quot;:&quot;{score}\\\/{best} - ({count} {votes})&quot;,&quot;font_factor&quot;:&quot;1.25&quot;}'>\n            \n<div class=\"kksr-stars\">\n    \n<div class=\"kksr-stars-inactive\">\n            <div class=\"kksr-star\" data-star=\"1\" style=\"padding-right: 5px\">\n            \n\n<div class=\"kksr-icon\" style=\"width: 24px; height: 24px;\"><\/div>\n        <\/div>\n            <div class=\"kksr-star\" data-star=\"2\" style=\"padding-right: 5px\">\n            \n\n<div class=\"kksr-icon\" style=\"width: 24px; height: 24px;\"><\/div>\n        <\/div>\n            <div class=\"kksr-star\" data-star=\"3\" style=\"padding-right: 5px\">\n            \n\n<div class=\"kksr-icon\" style=\"width: 24px; height: 24px;\"><\/div>\n        <\/div>\n            <div class=\"kksr-star\" data-star=\"4\" style=\"padding-right: 5px\">\n            \n\n<div class=\"kksr-icon\" style=\"width: 24px; height: 24px;\"><\/div>\n        <\/div>\n            <div class=\"kksr-star\" data-star=\"5\" style=\"padding-right: 5px\">\n            \n\n<div class=\"kksr-icon\" style=\"width: 24px; height: 24px;\"><\/div>\n        <\/div>\n    <\/div>\n    \n<div class=\"kksr-stars-active\" style=\"width: 0px;\">\n            <div class=\"kksr-star\" style=\"padding-right: 5px\">\n            \n\n<div class=\"kksr-icon\" style=\"width: 24px; height: 24px;\"><\/div>\n        <\/div>\n            <div class=\"kksr-star\" style=\"padding-right: 5px\">\n            \n\n<div class=\"kksr-icon\" style=\"width: 24px; height: 24px;\"><\/div>\n        <\/div>\n            <div class=\"kksr-star\" style=\"padding-right: 5px\">\n            \n\n<div class=\"kksr-icon\" style=\"width: 24px; height: 24px;\"><\/div>\n        <\/div>\n            <div class=\"kksr-star\" style=\"padding-right: 5px\">\n            \n\n<div class=\"kksr-icon\" style=\"width: 24px; height: 24px;\"><\/div>\n        <\/div>\n            <div class=\"kksr-star\" style=\"padding-right: 5px\">\n            \n\n<div class=\"kksr-icon\" style=\"width: 24px; height: 24px;\"><\/div>\n        <\/div>\n    <\/div>\n<\/div>\n                \n\n<div class=\"kksr-legend\" style=\"font-size: 19.2px;\">\n            <span class=\"kksr-muted\"><\/span>\n    <\/div>\n    <\/div>\n<p>Moda to nie tylko ubrania, to spos\u00f3b wyra\u017cania siebie i podkre\u015blania swojego stylu. W dobie r\u00f3\u017cnorodno\u015bci modowych trend\u00f3w, \u0142\u0105czenie element\u00f3w garderoby staje si\u0119 sztuk\u0105, kt\u00f3rej jeste\u015bmy autorami. Czarne spodnie z odkrytymi ramionami to klasyka, kt\u00f3ra w po\u0142\u0105czeniu z odpowiednim swetrem mo\u017ce zdzia\u0142a\u0107 cuda. Dobrze dobrany sweter nie tylko uzupe\u0142ni stylizacj\u0119, ale r\u00f3wnie\u017c podkre\u015bli atuty sylwetki. Warto wi\u0119c zainwestowa\u0107 czas w przemy\u015blenie, jaki sweter wybra\u0107, by uzyska\u0107 po\u017c\u0105dany efekt. W dzisiejszym artykule przedstawimy r\u00f3\u017cnorodne propozycje oraz porady, kt\u00f3re pomog\u0105 ci stworzy\u0107 modn\u0105 i eleganck\u0105 stylizacj\u0119.<\/p>\n<h2>Typy swetr\u00f3w, kt\u00f3re pasuj\u0105 do czarnych spodni<\/h2>\n<p><img decoding=\"async\" alt=\"M\u0142oda kobieta w czerwonym swetrze siedzi przy stole w kawiarni, otoczona ro\u015blinami i jasnym \u015bwiat\u0142em.\" src=\"https:\/\/dobraterapia-bochnia.pl\/wp-content\/uploads\/imaged6f2c41eb2f247db83993ffe0ab0be4a.png\"\/><\/p>\n<p>Czarne spodnie z odkrytymi ramionami daj\u0105 ogromne mo\u017cliwo\u015bci stylizacyjne. R\u00f3\u017cne typy swetr\u00f3w mog\u0105 wnie\u015b\u0107 do twojej garderoby \u015bwie\u017co\u015b\u0107 i oryginalno\u015b\u0107. Zacznijmy od najpopularniejszych modeli, kt\u00f3re \u015bwietnie komponuj\u0105 si\u0119 z tym wyj\u0105tkowym elementem. Warto postawi\u0107 na r\u00f3\u017cnorodno\u015b\u0107, aby stworzy\u0107 idealny look na ka\u017cd\u0105 okazj\u0119. Oto kilka propozycji:<\/p>\n<ul>\n<li>Sweter oversize &#8211; lu\u017any kr\u00f3j, idealny na co dzie\u0144.<\/li>\n<li>Sweter z dekoltem w serek &#8211; elegancki i podkre\u015blaj\u0105cy sylwetk\u0119.<\/li>\n<li>Sweter z golfem &#8211; idealny na ch\u0142odniejsze dni, dodaje klasy.<\/li>\n<li>Sweter z r\u0119kawami typu ballon &#8211; trendy i oryginalne rozwi\u0105zanie.<\/li>\n<li>Sweter warkoczowy &#8211; doskona\u0142a opcja na zimowe stylizacje.<\/li>\n<\/ul>\n<h2>Kombinacje kolor\u00f3w i wzor\u00f3w swetr\u00f3w<\/h2>\n<p><img decoding=\"async\" alt=\"M\u0142oda kobieta u\u015bmiecha si\u0119 w eleganckim sklepie odzie\u017cowym, nosz\u0105c sweter z kwiatowym wzorem.\" src=\"https:\/\/dobraterapia-bochnia.pl\/wp-content\/uploads\/imagec3359692f06e41a0a39d4126d04f913a.png\"\/><\/p>\n<p>Dobieraj\u0105c sweter do czarnych spodni, kluczowe jest nie tylko dopasowanie kroju, ale r\u00f3wnie\u017c koloru i wzoru. W przypadku czarnych spodni mo\u017cliwo\u015bci s\u0105 praktycznie niesko\u0144czone. Poni\u017cej przedstawiamy kilka sugestii dotycz\u0105cych kolor\u00f3w i wzor\u00f3w, kt\u00f3re mog\u0105 wywo\u0142a\u0107 efekt wow!<\/p>\n<table border=\"1\">\n<tr>\n<th>Kolor<\/th>\n<th>Efekt<\/th>\n<\/tr>\n<tr>\n<td>Neutralne (szaro\u015bci, be\u017ce)<\/td>\n<td>Elegancja i prostota<\/td>\n<\/tr>\n<tr>\n<td>Intensywne (czerwie\u0144, butelkowa ziele\u0144)<\/td>\n<td>Wyrazisto\u015b\u0107 i \u015bwie\u017co\u015b\u0107<\/td>\n<\/tr>\n<tr>\n<td>Wzory (kwiaty, kratka)<\/td>\n<td>Oryginalno\u015b\u0107 i styl<\/td>\n<\/tr>\n<\/table>\n<p>Wybieraj\u0105c kolor swetra, warto r\u00f3wnie\u017c kierowa\u0107 si\u0119 por\u0105 roku oraz okazj\u0105. Kolory neutralne sprawdz\u0105 si\u0119 w codziennych stylizacjach, podczas gdy te intensywne dodadz\u0105 energii i m\u0142odzie\u0144czego zapa\u0142u. Wzory natomiast podkre\u015bl\u0105 indywidualno\u015b\u0107 i przyci\u0105gn\u0105 uwag\u0119. Oto kilka przyk\u0142ad\u00f3w do rozwa\u017cenia:<\/p>\n<ul>\n<li>Sweter w kolorze be\u017cowym &#8211; uniwersalny i ponadczasowy.<\/li>\n<li>Sweter w czerwone kwiaty &#8211; idealny na letnie wyj\u015bcia.<\/li>\n<li>Sweter w krat\u0119 &#8211; stylowy akcent w Twojej szafie.<\/li>\n<\/ul>\n<h2>Stylizacje na r\u00f3\u017cne okazje<\/h2>\n<p>Kiedy ju\u017c mamy na wzgl\u0119dzie typy swetr\u00f3w i kolory, mo\u017cemy przej\u015b\u0107 do konkretnych stylizacji, kt\u00f3re mo\u017cna stworzy\u0107. Odpowiednio dobrane elementy odzie\u017cy sprawi\u0105, \u017ce nawet prosta stylizacja nabierze wyj\u0105tkowego charakteru. Poni\u017cej przedstawimy kilka pomys\u0142\u00f3w na to, jak po\u0142\u0105czy\u0107 sweter z czarnymi spodniami w r\u00f3\u017cnych sytuacjach \u017cyciowych:<\/p>\n<ul>\n<li>Stylizacja casualowa: sweter oversize z d\u017cinsow\u0105 kurtk\u0105 i sneakersami.<\/li>\n<li>Stylizacja elegancka: sweter z dekoltem w serek, czarne szpilki i minimalistyczna bi\u017cuteria.<\/li>\n<li>Stylizacja wieczorowa: sweter w intensywnym kolorze po\u0142\u0105czony z b\u0142yszcz\u0105c\u0105 sp\u00f3dnic\u0105 i efektownymi dodatkami.<\/li>\n<\/ul>\n<h2>Rezumat<\/h2>\n<p>Wyb\u00f3r odpowiedniego swetra do czarnych spodni z odkrytymi ramionami mo\u017ce wydawa\u0107 si\u0119 trudnym zadaniem, ale z nasz\u0105 pomoc\u0105 staje si\u0119 to proste. Kluczowe jest zrozumienie swojego stylu, a tak\u017ce dob\u00f3r kolor\u00f3w i kroj\u00f3w, kt\u00f3re doskonale podkre\u015bl\u0105 atuty naszej sylwetki. \u015awiadomo\u015b\u0107 dost\u0119pnych opcji oraz umiej\u0119tno\u015b\u0107 ich zestawienia s\u0105 niezb\u0119dne do stworzenia modnej i eleganckiej stylizacji. Dzi\u0119ki tym wskaz\u00f3wkom b\u0119dziesz mog\u0142a czu\u0107 si\u0119 pewnie i komfortowo w ka\u017cdej sytuacji.<\/p>\n<h2>\u00centreb\u0103ri frecvente<\/h2>\n<ul>\n<li><strong>Czy najlepiej wybiera\u0107 swetry g\u0142adkie czy wzorzyste?<\/strong> G\u0142adkie swetry s\u0105 uniwersalne, natomiast wzorzyste dodaj\u0105 charakteru i wyr\u00f3\u017cniaj\u0105 stylizacj\u0119.<\/li>\n<li><strong>Jakie dodatki najlepiej pasuj\u0105 do czarnych spodni?<\/strong> Z\u0142ota lub srebrna bi\u017cuteria, minimalistyczne torebki oraz kolorowe buty mog\u0105 \u015bwietnie uzupe\u0142ni\u0107 stylizacj\u0119.<\/li>\n<li><strong>Czy ciep\u0142y sweter nadaje si\u0119 na letnie wieczory?<\/strong> Tak, lekki sweter z we\u0142ny lub akrylu mo\u017ce by\u0107 idealnym rozwi\u0105zaniem na ch\u0142odniejsze wieczory w lecie.<\/li>\n<\/ul>","protected":false},"excerpt":{"rendered":"<p>Moda nu este doar haine, ci o modalitate de a te exprima \u0219i de a-\u021bi pune \u00een valoare stilul. \u00centr-o er\u0103 a diversit\u0103\u021bii tendin\u021belor modei, combinarea elementelor\u2026<\/p>","protected":false},"author":1,"featured_media":452,"comment_status":"closed","ping_status":"closed","sticky":false,"template":"","format":"standard","meta":{"_acf_changed":false,"footnotes":""},"categories":[1],"tags":[],"class_list":["post-482","post","type-post","status-publish","format-standard","has-post-thumbnail","hentry","category-akcesoria-samochodowe"],"acf":[],"yoast_head":"<!-- This site is optimized with the Yoast SEO plugin v23.2 - https:\/\/yoast.com\/wordpress\/plugins\/seo\/ -->\n<title>Jaki sweter do czarnych spodni z odkrytymi ramionami? Stylizacje i porady<\/title>\n<meta name=\"description\" content=\"Odkryj idealne swetry do czarnych spodni z odkrytymi ramionami. Stylizacje, kolory i porady, kt\u00f3re zachwyc\u0105!\" \/>\n<meta name=\"robots\" content=\"index, follow, max-snippet:-1, max-image-preview:large, max-video-preview:-1\" \/>\n<link rel=\"canonical\" href=\"https:\/\/dobraterapia-bochnia.pl\/ro\/jaki-sweter-do-czarnych-spodni-z-odkrytymi-ramionami\/\" \/>\n<meta property=\"og:locale\" content=\"ro_RO\" \/>\n<meta property=\"og:type\" content=\"article\" \/>\n<meta property=\"og:title\" content=\"Jaki sweter do czarnych spodni z odkrytymi ramionami? Stylizacje i porady\" \/>\n<meta property=\"og:description\" content=\"Odkryj idealne swetry do czarnych spodni z odkrytymi ramionami. Stylizacje, kolory i porady, kt\u00f3re zachwyc\u0105!\" \/>\n<meta property=\"og:url\" content=\"https:\/\/dobraterapia-bochnia.pl\/ro\/jaki-sweter-do-czarnych-spodni-z-odkrytymi-ramionami\/\" \/>\n<meta property=\"og:site_name\" content=\"Ozdoby Poland\" \/>\n<meta property=\"article:published_time\" content=\"2025-04-13T23:00:00+00:00\" \/>\n<meta property=\"og:image\" content=\"https:\/\/dobraterapia-bochnia.pl\/wp-content\/uploads\/image1ffd7d1238cb48d0a596a609087d9a60.png\" \/>\n\t<meta property=\"og:image:width\" content=\"1024\" \/>\n\t<meta property=\"og:image:height\" content=\"768\" \/>\n\t<meta property=\"og:image:type\" content=\"image\/png\" \/>\n<meta name=\"author\" content=\"Jerzy Michalak\" \/>\n<meta name=\"twitter:card\" content=\"summary_large_image\" \/>\n<meta name=\"twitter:label1\" content=\"Scris de\" \/>\n\t<meta name=\"twitter:data1\" content=\"Jerzy Michalak\" \/>\n\t<meta name=\"twitter:label2\" content=\"Timp estimat pentru citire\" \/>\n\t<meta name=\"twitter:data2\" content=\"3 minute\" \/>\n<script type=\"application\/ld+json\" class=\"yoast-schema-graph\">{\"@context\":\"https:\/\/schema.org\",\"@graph\":[{\"@type\":\"WebPage\",\"@id\":\"https:\/\/dobraterapia-bochnia.pl\/jaki-sweter-do-czarnych-spodni-z-odkrytymi-ramionami\/\",\"url\":\"https:\/\/dobraterapia-bochnia.pl\/jaki-sweter-do-czarnych-spodni-z-odkrytymi-ramionami\/\",\"name\":\"Jaki sweter do czarnych spodni z odkrytymi ramionami? Stylizacje i porady\",\"isPartOf\":{\"@id\":\"https:\/\/dobraterapia-bochnia.pl\/#website\"},\"primaryImageOfPage\":{\"@id\":\"https:\/\/dobraterapia-bochnia.pl\/jaki-sweter-do-czarnych-spodni-z-odkrytymi-ramionami\/#primaryimage\"},\"image\":{\"@id\":\"https:\/\/dobraterapia-bochnia.pl\/jaki-sweter-do-czarnych-spodni-z-odkrytymi-ramionami\/#primaryimage\"},\"thumbnailUrl\":\"https:\/\/dobraterapia-bochnia.pl\/wp-content\/uploads\/image1ffd7d1238cb48d0a596a609087d9a60.png\",\"datePublished\":\"2025-04-13T23:00:00+00:00\",\"dateModified\":\"2025-04-13T23:00:00+00:00\",\"author\":{\"@id\":\"https:\/\/dobraterapia-bochnia.pl\/#\/schema\/person\/723ee187e93036e7fa925b480f9437b9\"},\"description\":\"Odkryj idealne swetry do czarnych spodni z odkrytymi ramionami. Stylizacje, kolory i porady, kt\u00f3re zachwyc\u0105!\",\"breadcrumb\":{\"@id\":\"https:\/\/dobraterapia-bochnia.pl\/jaki-sweter-do-czarnych-spodni-z-odkrytymi-ramionami\/#breadcrumb\"},\"inLanguage\":\"ro-RO\",\"potentialAction\":[{\"@type\":\"ReadAction\",\"target\":[\"https:\/\/dobraterapia-bochnia.pl\/jaki-sweter-do-czarnych-spodni-z-odkrytymi-ramionami\/\"]}]},{\"@type\":\"ImageObject\",\"inLanguage\":\"ro-RO\",\"@id\":\"https:\/\/dobraterapia-bochnia.pl\/jaki-sweter-do-czarnych-spodni-z-odkrytymi-ramionami\/#primaryimage\",\"url\":\"https:\/\/dobraterapia-bochnia.pl\/wp-content\/uploads\/image1ffd7d1238cb48d0a596a609087d9a60.png\",\"contentUrl\":\"https:\/\/dobraterapia-bochnia.pl\/wp-content\/uploads\/image1ffd7d1238cb48d0a596a609087d9a60.png\",\"width\":1024,\"height\":768},{\"@type\":\"BreadcrumbList\",\"@id\":\"https:\/\/dobraterapia-bochnia.pl\/jaki-sweter-do-czarnych-spodni-z-odkrytymi-ramionami\/#breadcrumb\",\"itemListElement\":[{\"@type\":\"ListItem\",\"position\":1,\"name\":\"Home\",\"item\":\"https:\/\/dobraterapia-bochnia.pl\/\"},{\"@type\":\"ListItem\",\"position\":2,\"name\":\"Jaki sweter do czarnych spodni z odkrytymi ramionami?\"}]},{\"@type\":\"WebSite\",\"@id\":\"https:\/\/dobraterapia-bochnia.pl\/#website\",\"url\":\"https:\/\/dobraterapia-bochnia.pl\/\",\"name\":\"Ozdoby Poland\",\"description\":\"Ozdoby do auta \u2013 styl i charakter twojego pojazdu!\",\"potentialAction\":[{\"@type\":\"SearchAction\",\"target\":{\"@type\":\"EntryPoint\",\"urlTemplate\":\"https:\/\/dobraterapia-bochnia.pl\/?s={search_term_string}\"},\"query-input\":\"required name=search_term_string\"}],\"inLanguage\":\"ro-RO\"},{\"@type\":\"Person\",\"@id\":\"https:\/\/dobraterapia-bochnia.pl\/#\/schema\/person\/723ee187e93036e7fa925b480f9437b9\",\"name\":\"Jerzy Michalak\",\"image\":{\"@type\":\"ImageObject\",\"inLanguage\":\"ro-RO\",\"@id\":\"https:\/\/dobraterapia-bochnia.pl\/#\/schema\/person\/image\/\",\"url\":\"https:\/\/dobraterapia-bochnia.pl\/wp-content\/uploads\/jerzy-michalak_avatar-96x96.jpg\",\"contentUrl\":\"https:\/\/dobraterapia-bochnia.pl\/wp-content\/uploads\/jerzy-michalak_avatar-96x96.jpg\",\"caption\":\"Jerzy Michalak\"},\"url\":\"https:\/\/dobraterapia-bochnia.pl\/ro\/author\/jerzy-michalak\/\"}]}<\/script>\n<!-- \/ Yoast SEO plugin. -->","yoast_head_json":{"title":"Jaki sweter do czarnych spodni z odkrytymi ramionami? Stylizacje i porady","description":"Odkryj idealne swetry do czarnych spodni z odkrytymi ramionami. Stylizacje, kolory i porady, kt\u00f3re zachwyc\u0105!","robots":{"index":"index","follow":"follow","max-snippet":"max-snippet:-1","max-image-preview":"max-image-preview:large","max-video-preview":"max-video-preview:-1"},"canonical":"https:\/\/dobraterapia-bochnia.pl\/ro\/jaki-sweter-do-czarnych-spodni-z-odkrytymi-ramionami\/","og_locale":"ro_RO","og_type":"article","og_title":"Jaki sweter do czarnych spodni z odkrytymi ramionami? Stylizacje i porady","og_description":"Odkryj idealne swetry do czarnych spodni z odkrytymi ramionami. Stylizacje, kolory i porady, kt\u00f3re zachwyc\u0105!","og_url":"https:\/\/dobraterapia-bochnia.pl\/ro\/jaki-sweter-do-czarnych-spodni-z-odkrytymi-ramionami\/","og_site_name":"Ozdoby Poland","article_published_time":"2025-04-13T23:00:00+00:00","og_image":[{"width":1024,"height":768,"url":"https:\/\/dobraterapia-bochnia.pl\/wp-content\/uploads\/image1ffd7d1238cb48d0a596a609087d9a60.png","type":"image\/png"}],"author":"Jerzy Michalak","twitter_card":"summary_large_image","twitter_misc":{"Scris de":"Jerzy Michalak","Timp estimat pentru citire":"3 minute"},"schema":{"@context":"https:\/\/schema.org","@graph":[{"@type":"WebPage","@id":"https:\/\/dobraterapia-bochnia.pl\/jaki-sweter-do-czarnych-spodni-z-odkrytymi-ramionami\/","url":"https:\/\/dobraterapia-bochnia.pl\/jaki-sweter-do-czarnych-spodni-z-odkrytymi-ramionami\/","name":"Jaki sweter do czarnych spodni z odkrytymi ramionami? Stylizacje i porady","isPartOf":{"@id":"https:\/\/dobraterapia-bochnia.pl\/#website"},"primaryImageOfPage":{"@id":"https:\/\/dobraterapia-bochnia.pl\/jaki-sweter-do-czarnych-spodni-z-odkrytymi-ramionami\/#primaryimage"},"image":{"@id":"https:\/\/dobraterapia-bochnia.pl\/jaki-sweter-do-czarnych-spodni-z-odkrytymi-ramionami\/#primaryimage"},"thumbnailUrl":"https:\/\/dobraterapia-bochnia.pl\/wp-content\/uploads\/image1ffd7d1238cb48d0a596a609087d9a60.png","datePublished":"2025-04-13T23:00:00+00:00","dateModified":"2025-04-13T23:00:00+00:00","author":{"@id":"https:\/\/dobraterapia-bochnia.pl\/#\/schema\/person\/723ee187e93036e7fa925b480f9437b9"},"description":"Odkryj idealne swetry do czarnych spodni z odkrytymi ramionami. Stylizacje, kolory i porady, kt\u00f3re zachwyc\u0105!","breadcrumb":{"@id":"https:\/\/dobraterapia-bochnia.pl\/jaki-sweter-do-czarnych-spodni-z-odkrytymi-ramionami\/#breadcrumb"},"inLanguage":"ro-RO","potentialAction":[{"@type":"ReadAction","target":["https:\/\/dobraterapia-bochnia.pl\/jaki-sweter-do-czarnych-spodni-z-odkrytymi-ramionami\/"]}]},{"@type":"ImageObject","inLanguage":"ro-RO","@id":"https:\/\/dobraterapia-bochnia.pl\/jaki-sweter-do-czarnych-spodni-z-odkrytymi-ramionami\/#primaryimage","url":"https:\/\/dobraterapia-bochnia.pl\/wp-content\/uploads\/image1ffd7d1238cb48d0a596a609087d9a60.png","contentUrl":"https:\/\/dobraterapia-bochnia.pl\/wp-content\/uploads\/image1ffd7d1238cb48d0a596a609087d9a60.png","width":1024,"height":768},{"@type":"BreadcrumbList","@id":"https:\/\/dobraterapia-bochnia.pl\/jaki-sweter-do-czarnych-spodni-z-odkrytymi-ramionami\/#breadcrumb","itemListElement":[{"@type":"ListItem","position":1,"name":"Home","item":"https:\/\/dobraterapia-bochnia.pl\/"},{"@type":"ListItem","position":2,"name":"Jaki sweter do czarnych spodni z odkrytymi ramionami?"}]},{"@type":"WebSite","@id":"https:\/\/dobraterapia-bochnia.pl\/#website","url":"https:\/\/dobraterapia-bochnia.pl\/","name":"Ozdoby Poland","description":"Ozdoby do auta \u2013 styl i charakter twojego pojazdu!","potentialAction":[{"@type":"SearchAction","target":{"@type":"EntryPoint","urlTemplate":"https:\/\/dobraterapia-bochnia.pl\/?s={search_term_string}"},"query-input":"required name=search_term_string"}],"inLanguage":"ro-RO"},{"@type":"Person","@id":"https:\/\/dobraterapia-bochnia.pl\/#\/schema\/person\/723ee187e93036e7fa925b480f9437b9","name":"Jerzy Michalak","image":{"@type":"ImageObject","inLanguage":"ro-RO","@id":"https:\/\/dobraterapia-bochnia.pl\/#\/schema\/person\/image\/","url":"https:\/\/dobraterapia-bochnia.pl\/wp-content\/uploads\/jerzy-michalak_avatar-96x96.jpg","contentUrl":"https:\/\/dobraterapia-bochnia.pl\/wp-content\/uploads\/jerzy-michalak_avatar-96x96.jpg","caption":"Jerzy Michalak"},"url":"https:\/\/dobraterapia-bochnia.pl\/ro\/author\/jerzy-michalak\/"}]}},"yoast_meta":{"yoast_wpseo_title":"","yoast_wpseo_metadesc":"","yoast_wpseo_canonical":"https:\/\/dobraterapia-bochnia.pl\/ro\/wp-json\/wp\/v2\/posts\/482"},"_links":{"self":[{"href":"https:\/\/dobraterapia-bochnia.pl\/ro\/wp-json\/wp\/v2\/posts\/482"}],"collection":[{"href":"https:\/\/dobraterapia-bochnia.pl\/ro\/wp-json\/wp\/v2\/posts"}],"about":[{"href":"https:\/\/dobraterapia-bochnia.pl\/ro\/wp-json\/wp\/v2\/types\/post"}],"author":[{"embeddable":true,"href":"https:\/\/dobraterapia-bochnia.pl\/ro\/wp-json\/wp\/v2\/users\/1"}],"replies":[{"embeddable":true,"href":"https:\/\/dobraterapia-bochnia.pl\/ro\/wp-json\/wp\/v2\/comments?post=482"}],"version-history":[{"count":1,"href":"https:\/\/dobraterapia-bochnia.pl\/ro\/wp-json\/wp\/v2\/posts\/482\/revisions"}],"predecessor-version":[{"id":492,"href":"https:\/\/dobraterapia-bochnia.pl\/ro\/wp-json\/wp\/v2\/posts\/482\/revisions\/492"}],"wp:featuredmedia":[{"embeddable":true,"href":"https:\/\/dobraterapia-bochnia.pl\/ro\/wp-json\/wp\/v2\/media\/452"}],"wp:attachment":[{"href":"https:\/\/dobraterapia-bochnia.pl\/ro\/wp-json\/wp\/v2\/media?parent=482"}],"wp:term":[{"taxonomy":"category","embeddable":true,"href":"https:\/\/dobraterapia-bochnia.pl\/ro\/wp-json\/wp\/v2\/categories?post=482"},{"taxonomy":"post_tag","embeddable":true,"href":"https:\/\/dobraterapia-bochnia.pl\/ro\/wp-json\/wp\/v2\/tags?post=482"}],"curies":[{"name":"wp","href":"https:\/\/api.w.org\/{rel}","templated":true}]}}